{"id":20648,"date":"2020-09-25T12:10:14","date_gmt":"2020-09-25T09:10:14","guid":{"rendered":"https:\/\/www.trakai-visit.lt\/?p=20648"},"modified":"2024-02-05T14:09:09","modified_gmt":"2024-02-05T12:09:09","slug":"kosciol-sw-apostolow-szymeona-i-judy-tadeusza-w-dusmianach","status":"publish","type":"post","link":"https:\/\/www.trakai-visit.lt\/pl\/kosciol-sw-apostolow-szymeona-i-judy-tadeusza-w-dusmianach\/","title":{"rendered":"Ko\u015bci\u00f3\u0142 \u015aw. Aposto\u0142\u00f3w Szymeona i Judy Tadeusza w Du\u015bmianach"},"content":{"rendered":"<p>Ju\u017c od XVI wieku w aktach wizytacyjnych ko\u015bcio\u0142\u00f3w biskupstwa wile\u0144skiego jest wspominany ko\u015bci\u00f3\u0142 w Du\u015bmianach, jednak w miar\u0119 rozpowszechniania si\u0119 reformacji katolicka \u015bwi\u0105tynia zosta\u0142a zlikwidowana. W 1667 r. kanclerz WKL Krzysztof Zygmunt Pac podarowa\u0142 dw\u00f3r w Du\u015bmianach klasztorowi kamedu\u0142\u00f3w w Po\u017caj\u015bciu. W 1820 r. mnisi kameduli zbudowali po\u015brodku starego cmentarza obecny drewniany ko\u015bci\u00f3\u0142. Ko\u015bci\u00f3\u0142 mia\u0142 dwie wie\u017cyczki i cztery o\u0142tarze. W latach 1883\u20131885 podw\u00f3rze ko\u015bcielne otoczono murowanym ogrodzeniem pokrytym gontami i zbudowano dzwonnic\u0119. W 1904 r. w Du\u015bmianach z inicjatywy proboszcza, ksi\u0119gonosza ksi\u0119dza Stanislavasa \u0160lamasa zaproszono organist\u0119 Jonasa Petrauskasa, ojca znanych Mikasa i Kiprasa Petrauskas\u00f3w. J. Petrauskas wraz z synami i innymi muzykantami utworzy\u0142 ko\u015bcieln\u0105 orkiestr\u0119 w Du\u015bmianach. W 1937 r. na podw\u00f3rzu ko\u015bcielnym obok rodzic\u00f3w pochowano Mikasa Petrauskasa. Spoczywaj\u0105 tam r\u00f3wnie\u017c zw\u0142oki wieloletniego proboszcza ko\u015bcio\u0142a i dziekana Sanislavasa Smolinskasa (1889\u20131975). Dzi\u0119ki ksi\u0119dzowi Marijonasowi Petkevi\u010diusowi ko\u015bci\u00f3\u0142 odnowiono w latach 1965\u20131967.<\/p>\n<p>Ko\u015bci\u00f3\u0142 \u015bw. Aposto\u0142\u00f3w Szymeona i Judy Tadeusza w Du\u015bmianach jest w klasycystycznym stylu, nosz\u0105cy cechy architektury ludowej. Ko\u015bci\u00f3\u0142 ma jednolit\u0105 obj\u0119to\u015b\u0107, plan kwadratu i trzy nawy. Zako\u0144czony jest tr\u00f3j\u015bcienn\u0105 apsyd\u0105. Dach nacz\u00f3\u0142kowy i pokryty blach\u0105, ma wie\u017cyczk\u0119 nad frontonem w kszta\u0142cie trapezu. Niewielk\u0105 o\u015bmiok\u0105tn\u0105 wie\u017cyczk\u0119 sk\u0142adaj\u0105c\u0105 si\u0119 z dw\u00f3ch poziom\u00f3w wie\u0144czy kopu\u0142ka z ornamentowanym krzy\u017cem. Nad apsyd\u0105 znajduje si\u0119 postument w kszta\u0142cie cebuli z krzy\u017cem. Fasada g\u0142\u00f3wna ma portyk wystaj\u0105cy do przodu. Podparty jest czterema s\u0142upami na postumentach. Portyk od frontonu oddziela okap. Po\u015brodku frontonu znajduje si\u0119 czworok\u0105tne okno. Okna ko\u015bcio\u0142a s\u0105 w kszta\u0142cie arek z obramowaniami, jedynie okno na g\u0142\u00f3wnej fasadzie ma form\u0119 czworok\u0105ta, sk\u0142ada si\u0119 z dw\u00f3ch cz\u0119\u015bci i jest obramowane. Przysadzisty kszta\u0142t ko\u015bcio\u0142a jeszcze bardziej uwypukla pozioma ok\u0142adzina.<\/p>\n<p>Wn\u0119trze ko\u015bcio\u0142a zdobi\u0105 trzy drewniane o\u0142tarze. Na wielkim o\u0142tarzu wisz\u0105 obrazy \u015bw. Romualda i Naj\u015bwi\u0119tszej Marii Panny z Dzieci\u0105tkiem zwi\u0105zane z kamedu\u0142ami i stworzone w XVIII wieku. Obraz patron\u00f3w ko\u015bcio\u0142a \u015bw. Aposto\u0142\u00f3w Szymeona i Judy Tadeusza wisi w prezbiterium.<\/p>\n<p>Dzwonnica ko\u015bcio\u0142a ma kszta\u0142t kwadratu i dwa poziomy. G\u00f3rny poziom jest mniejszy, od dolnego odzielony okapem. Dzwonnic\u0119 przykrywa blaszany dach w kszta\u0142cie piramidy z masywnym krzy\u017cem. Okna na g\u00f3rnym poziomie, podobnie jak te w formie arek, s\u0105 obramowane. Dzwonnica jest obita poziomo u\u0142o\u017conymi deskami. Prowadz\u0105 do niej szerokie dwuskrzyd\u0142owe drzwi.<\/p>\n<p>Ogrodzenie podw\u00f3rza ko\u015bcielnego jest wykonane z kamienia murarskiego i ma masywne wrota w kszta\u0142cie arki. Brama ma dwuspadowy daszek, a we frontonie znajduje si\u0119 nisza z obrazem Naj\u015bwi\u0119tszej Marii Panny.<\/p>\n<p>\u0179r\u00f3d\u0142o: <a href=\"https:\/\/sakralilietuva.lt\/\">https:\/\/sakralilietuva.lt\/<\/a><\/p>\n","protected":false},"excerpt":{"rendered":"<p>Ju\u017c od XVI wieku w aktach wizytacyjnych ko\u015bcio\u0142\u00f3w biskupstwa wile\u0144skiego jest wspominany ko\u015bci\u00f3\u0142 w Du\u015bmianach, jednak w miar\u0119 rozpowszechniania si\u0119 reformacji katolicka \u015bwi\u0105tynia zosta\u0142a zlikwidowana. W 1667 r. kanclerz WKL Krzysztof Zygmunt Pac podarowa\u0142 dw\u00f3r w Du\u015bmianach klasztorowi kamedu\u0142\u00f3w w Po\u017caj\u015bciu. W 1820 r. mnisi kameduli zbudowali po\u015brodku starego cmentarza obecny drewniany ko\u015bci\u00f3\u0142. Ko\u015bci\u00f3\u0142 mia\u0142 [&hellip;]<\/p>\n","protected":false},"author":3,"featured_media":0,"comment_status":"closed","ping_status":"closed","sticky":false,"template":"","format":"standard","meta":{"_acf_changed":false,"footnotes":""},"categories":[214],"tags":[],"zemelapio-ikona":[],"class_list":["post-20648","post","type-post","status-publish","format-standard","hentry","category-lankytinos-vietos-pl"],"acf":[],"yoast_head":"<!-- This site is optimized with the Yoast SEO Premium plugin v23.8 (Yoast SEO v27.1.1) - https:\/\/yoast.com\/product\/yoast-seo-premium-wordpress\/ -->\n<title>Ko\u015bci\u00f3\u0142 \u015aw. Aposto\u0142\u00f3w Szymeona i Judy Tadeusza w Du\u015bmianach - Trakai<\/title>\n<meta name=\"description\" content=\"Ko\u015bci\u00f3\u0142 \u015aw. Aposto\u0142\u00f3w Szymeona i Judy Tadeusza w Du\u015bmianach, Na stronie Centrum Informacji Turystycznej w Trokach mo\u017cna znale\u017a\u0107 aktualne informacje turystyczne dla go\u015bci miasta i dla samych mieszka\u0144c\u00f3w.\" \/>\n<meta name=\"robots\" content=\"index, follow, max-snippet:-1, max-image-preview:large, max-video-preview:-1\" \/>\n<link rel=\"canonical\" href=\"https:\/\/www.trakai-visit.lt\/pl\/kosciol-sw-apostolow-szymeona-i-judy-tadeusza-w-dusmianach\/\" \/>\n<meta property=\"og:locale\" content=\"pl_PL\" \/>\n<meta property=\"og:type\" content=\"article\" \/>\n<meta property=\"og:title\" content=\"Ko\u015bci\u00f3\u0142 \u015aw. Aposto\u0142\u00f3w Szymeona i Judy Tadeusza w Du\u015bmianach\" \/>\n<meta property=\"og:description\" content=\"Ko\u015bci\u00f3\u0142 \u015aw. Aposto\u0142\u00f3w Szymeona i Judy Tadeusza w Du\u015bmianach, Na stronie Centrum Informacji Turystycznej w Trokach mo\u017cna znale\u017a\u0107 aktualne informacje turystyczne dla go\u015bci miasta i dla samych mieszka\u0144c\u00f3w.\" \/>\n<meta property=\"og:url\" content=\"https:\/\/www.trakai-visit.lt\/pl\/kosciol-sw-apostolow-szymeona-i-judy-tadeusza-w-dusmianach\/\" \/>\n<meta property=\"og:site_name\" content=\"Trakai\" \/>\n<meta property=\"article:publisher\" content=\"https:\/\/www.facebook.com\/Trak%c5%b3-turizmo-informacijos-centras-164768010681450\" \/>\n<meta property=\"article:published_time\" content=\"2020-09-25T09:10:14+00:00\" \/>\n<meta property=\"article:modified_time\" content=\"2024-02-05T12:09:09+00:00\" \/>\n<meta name=\"author\" content=\"Trakai TVIC\/Tourism and Business Information\" \/>\n<meta name=\"twitter:card\" content=\"summary_large_image\" \/>\n<meta name=\"twitter:label1\" content=\"Napisane przez\" \/>\n\t<meta name=\"twitter:data1\" content=\"Trakai TVIC\/Tourism and Business Information\" \/>\n\t<meta name=\"twitter:label2\" content=\"Szacowany czas czytania\" \/>\n\t<meta name=\"twitter:data2\" content=\"2 minuty\" \/>\n<script type=\"application\/ld+json\" class=\"yoast-schema-graph\">{\"@context\":\"https:\/\/schema.org\",\"@graph\":[{\"@type\":\"Article\",\"@id\":\"https:\/\/www.trakai-visit.lt\/pl\/kosciol-sw-apostolow-szymeona-i-judy-tadeusza-w-dusmianach\/#article\",\"isPartOf\":{\"@id\":\"https:\/\/www.trakai-visit.lt\/pl\/kosciol-sw-apostolow-szymeona-i-judy-tadeusza-w-dusmianach\/\"},\"author\":{\"name\":\"Trakai TVIC\/Tourism and Business Information\",\"@id\":\"https:\/\/www.trakai-visit.lt\/pl\/#\/schema\/person\/31f5f8417f95aea577ab4638cf5ffb32\"},\"headline\":\"Ko\u015bci\u00f3\u0142 \u015aw. Aposto\u0142\u00f3w Szymeona i Judy Tadeusza w Du\u015bmianach\",\"datePublished\":\"2020-09-25T09:10:14+00:00\",\"dateModified\":\"2024-02-05T12:09:09+00:00\",\"mainEntityOfPage\":{\"@id\":\"https:\/\/www.trakai-visit.lt\/pl\/kosciol-sw-apostolow-szymeona-i-judy-tadeusza-w-dusmianach\/\"},\"wordCount\":497,\"publisher\":{\"@id\":\"https:\/\/www.trakai-visit.lt\/pl\/#organization\"},\"articleSection\":[\"Warto zwiedzi\u0107\"],\"inLanguage\":\"pl-PL\"},{\"@type\":\"WebPage\",\"@id\":\"https:\/\/www.trakai-visit.lt\/pl\/kosciol-sw-apostolow-szymeona-i-judy-tadeusza-w-dusmianach\/\",\"url\":\"https:\/\/www.trakai-visit.lt\/pl\/kosciol-sw-apostolow-szymeona-i-judy-tadeusza-w-dusmianach\/\",\"name\":\"Ko\u015bci\u00f3\u0142 \u015aw. Aposto\u0142\u00f3w Szymeona i Judy Tadeusza w Du\u015bmianach - Trakai\",\"isPartOf\":{\"@id\":\"https:\/\/www.trakai-visit.lt\/pl\/#website\"},\"datePublished\":\"2020-09-25T09:10:14+00:00\",\"dateModified\":\"2024-02-05T12:09:09+00:00\",\"description\":\"Ko\u015bci\u00f3\u0142 \u015aw. Aposto\u0142\u00f3w Szymeona i Judy Tadeusza w Du\u015bmianach, Na stronie Centrum Informacji Turystycznej w Trokach mo\u017cna znale\u017a\u0107 aktualne informacje turystyczne dla go\u015bci miasta i dla samych mieszka\u0144c\u00f3w.\",\"breadcrumb\":{\"@id\":\"https:\/\/www.trakai-visit.lt\/pl\/kosciol-sw-apostolow-szymeona-i-judy-tadeusza-w-dusmianach\/#breadcrumb\"},\"inLanguage\":\"pl-PL\",\"potentialAction\":[{\"@type\":\"ReadAction\",\"target\":[\"https:\/\/www.trakai-visit.lt\/pl\/kosciol-sw-apostolow-szymeona-i-judy-tadeusza-w-dusmianach\/\"]}]},{\"@type\":\"BreadcrumbList\",\"@id\":\"https:\/\/www.trakai-visit.lt\/pl\/kosciol-sw-apostolow-szymeona-i-judy-tadeusza-w-dusmianach\/#breadcrumb\",\"itemListElement\":[{\"@type\":\"ListItem\",\"position\":1,\"name\":\"Home\",\"item\":\"https:\/\/www.trakai-visit.lt\/pl\/\"},{\"@type\":\"ListItem\",\"position\":2,\"name\":\"Ko\u015bci\u00f3\u0142 \u015aw. Aposto\u0142\u00f3w Szymeona i Judy Tadeusza w Du\u015bmianach\"}]},{\"@type\":\"WebSite\",\"@id\":\"https:\/\/www.trakai-visit.lt\/pl\/#website\",\"url\":\"https:\/\/www.trakai-visit.lt\/pl\/\",\"name\":\"Trakai\",\"description\":\"Trak\u0173 turizmo informacijos centras\",\"publisher\":{\"@id\":\"https:\/\/www.trakai-visit.lt\/pl\/#organization\"},\"potentialAction\":[{\"@type\":\"SearchAction\",\"target\":{\"@type\":\"EntryPoint\",\"urlTemplate\":\"https:\/\/www.trakai-visit.lt\/pl\/?s={search_term_string}\"},\"query-input\":{\"@type\":\"PropertyValueSpecification\",\"valueRequired\":true,\"valueName\":\"search_term_string\"}}],\"inLanguage\":\"pl-PL\"},{\"@type\":\"Organization\",\"@id\":\"https:\/\/www.trakai-visit.lt\/pl\/#organization\",\"name\":\"Trak\u0173 Turizmo Informacijos Centras\",\"url\":\"https:\/\/www.trakai-visit.lt\/pl\/\",\"logo\":{\"@type\":\"ImageObject\",\"inLanguage\":\"pl-PL\",\"@id\":\"https:\/\/www.trakai-visit.lt\/pl\/#\/schema\/logo\/image\/\",\"url\":\"https:\/\/www.trakai-visit.lt\/wp-content\/uploads\/2018\/02\/logo-2.png\",\"contentUrl\":\"https:\/\/www.trakai-visit.lt\/wp-content\/uploads\/2018\/02\/logo-2.png\",\"width\":194,\"height\":276,\"caption\":\"Trak\u0173 Turizmo Informacijos Centras\"},\"image\":{\"@id\":\"https:\/\/www.trakai-visit.lt\/pl\/#\/schema\/logo\/image\/\"},\"sameAs\":[\"https:\/\/www.facebook.com\/Trak\u0173-turizmo-informacijos-centras-164768010681450\"]},{\"@type\":\"Person\",\"@id\":\"https:\/\/www.trakai-visit.lt\/pl\/#\/schema\/person\/31f5f8417f95aea577ab4638cf5ffb32\",\"name\":\"Trakai TVIC\/Tourism and Business Information\",\"url\":\"https:\/\/www.trakai-visit.lt\/pl\/author\/trakaitic\/\"}]}<\/script>\n<!-- \/ Yoast SEO Premium plugin. -->","yoast_head_json":{"title":"Ko\u015bci\u00f3\u0142 \u015aw. Aposto\u0142\u00f3w Szymeona i Judy Tadeusza w Du\u015bmianach - Trakai","description":"Ko\u015bci\u00f3\u0142 \u015aw. Aposto\u0142\u00f3w Szymeona i Judy Tadeusza w Du\u015bmianach, Na stronie Centrum Informacji Turystycznej w Trokach mo\u017cna znale\u017a\u0107 aktualne informacje turystyczne dla go\u015bci miasta i dla samych mieszka\u0144c\u00f3w.","robots":{"index":"index","follow":"follow","max-snippet":"max-snippet:-1","max-image-preview":"max-image-preview:large","max-video-preview":"max-video-preview:-1"},"canonical":"https:\/\/www.trakai-visit.lt\/pl\/kosciol-sw-apostolow-szymeona-i-judy-tadeusza-w-dusmianach\/","og_locale":"pl_PL","og_type":"article","og_title":"Ko\u015bci\u00f3\u0142 \u015aw. Aposto\u0142\u00f3w Szymeona i Judy Tadeusza w Du\u015bmianach","og_description":"Ko\u015bci\u00f3\u0142 \u015aw. Aposto\u0142\u00f3w Szymeona i Judy Tadeusza w Du\u015bmianach, Na stronie Centrum Informacji Turystycznej w Trokach mo\u017cna znale\u017a\u0107 aktualne informacje turystyczne dla go\u015bci miasta i dla samych mieszka\u0144c\u00f3w.","og_url":"https:\/\/www.trakai-visit.lt\/pl\/kosciol-sw-apostolow-szymeona-i-judy-tadeusza-w-dusmianach\/","og_site_name":"Trakai","article_publisher":"https:\/\/www.facebook.com\/Trak%c5%b3-turizmo-informacijos-centras-164768010681450","article_published_time":"2020-09-25T09:10:14+00:00","article_modified_time":"2024-02-05T12:09:09+00:00","author":"Trakai TVIC\/Tourism and Business Information","twitter_card":"summary_large_image","twitter_misc":{"Napisane przez":"Trakai TVIC\/Tourism and Business Information","Szacowany czas czytania":"2 minuty"},"schema":{"@context":"https:\/\/schema.org","@graph":[{"@type":"Article","@id":"https:\/\/www.trakai-visit.lt\/pl\/kosciol-sw-apostolow-szymeona-i-judy-tadeusza-w-dusmianach\/#article","isPartOf":{"@id":"https:\/\/www.trakai-visit.lt\/pl\/kosciol-sw-apostolow-szymeona-i-judy-tadeusza-w-dusmianach\/"},"author":{"name":"Trakai TVIC\/Tourism and Business Information","@id":"https:\/\/www.trakai-visit.lt\/pl\/#\/schema\/person\/31f5f8417f95aea577ab4638cf5ffb32"},"headline":"Ko\u015bci\u00f3\u0142 \u015aw. Aposto\u0142\u00f3w Szymeona i Judy Tadeusza w Du\u015bmianach","datePublished":"2020-09-25T09:10:14+00:00","dateModified":"2024-02-05T12:09:09+00:00","mainEntityOfPage":{"@id":"https:\/\/www.trakai-visit.lt\/pl\/kosciol-sw-apostolow-szymeona-i-judy-tadeusza-w-dusmianach\/"},"wordCount":497,"publisher":{"@id":"https:\/\/www.trakai-visit.lt\/pl\/#organization"},"articleSection":["Warto zwiedzi\u0107"],"inLanguage":"pl-PL"},{"@type":"WebPage","@id":"https:\/\/www.trakai-visit.lt\/pl\/kosciol-sw-apostolow-szymeona-i-judy-tadeusza-w-dusmianach\/","url":"https:\/\/www.trakai-visit.lt\/pl\/kosciol-sw-apostolow-szymeona-i-judy-tadeusza-w-dusmianach\/","name":"Ko\u015bci\u00f3\u0142 \u015aw. Aposto\u0142\u00f3w Szymeona i Judy Tadeusza w Du\u015bmianach - Trakai","isPartOf":{"@id":"https:\/\/www.trakai-visit.lt\/pl\/#website"},"datePublished":"2020-09-25T09:10:14+00:00","dateModified":"2024-02-05T12:09:09+00:00","description":"Ko\u015bci\u00f3\u0142 \u015aw. Aposto\u0142\u00f3w Szymeona i Judy Tadeusza w Du\u015bmianach, Na stronie Centrum Informacji Turystycznej w Trokach mo\u017cna znale\u017a\u0107 aktualne informacje turystyczne dla go\u015bci miasta i dla samych mieszka\u0144c\u00f3w.","breadcrumb":{"@id":"https:\/\/www.trakai-visit.lt\/pl\/kosciol-sw-apostolow-szymeona-i-judy-tadeusza-w-dusmianach\/#breadcrumb"},"inLanguage":"pl-PL","potentialAction":[{"@type":"ReadAction","target":["https:\/\/www.trakai-visit.lt\/pl\/kosciol-sw-apostolow-szymeona-i-judy-tadeusza-w-dusmianach\/"]}]},{"@type":"BreadcrumbList","@id":"https:\/\/www.trakai-visit.lt\/pl\/kosciol-sw-apostolow-szymeona-i-judy-tadeusza-w-dusmianach\/#breadcrumb","itemListElement":[{"@type":"ListItem","position":1,"name":"Home","item":"https:\/\/www.trakai-visit.lt\/pl\/"},{"@type":"ListItem","position":2,"name":"Ko\u015bci\u00f3\u0142 \u015aw. Aposto\u0142\u00f3w Szymeona i Judy Tadeusza w Du\u015bmianach"}]},{"@type":"WebSite","@id":"https:\/\/www.trakai-visit.lt\/pl\/#website","url":"https:\/\/www.trakai-visit.lt\/pl\/","name":"Trakai","description":"Trak\u0173 turizmo informacijos centras","publisher":{"@id":"https:\/\/www.trakai-visit.lt\/pl\/#organization"},"potentialAction":[{"@type":"SearchAction","target":{"@type":"EntryPoint","urlTemplate":"https:\/\/www.trakai-visit.lt\/pl\/?s={search_term_string}"},"query-input":{"@type":"PropertyValueSpecification","valueRequired":true,"valueName":"search_term_string"}}],"inLanguage":"pl-PL"},{"@type":"Organization","@id":"https:\/\/www.trakai-visit.lt\/pl\/#organization","name":"Trak\u0173 Turizmo Informacijos Centras","url":"https:\/\/www.trakai-visit.lt\/pl\/","logo":{"@type":"ImageObject","inLanguage":"pl-PL","@id":"https:\/\/www.trakai-visit.lt\/pl\/#\/schema\/logo\/image\/","url":"https:\/\/www.trakai-visit.lt\/wp-content\/uploads\/2018\/02\/logo-2.png","contentUrl":"https:\/\/www.trakai-visit.lt\/wp-content\/uploads\/2018\/02\/logo-2.png","width":194,"height":276,"caption":"Trak\u0173 Turizmo Informacijos Centras"},"image":{"@id":"https:\/\/www.trakai-visit.lt\/pl\/#\/schema\/logo\/image\/"},"sameAs":["https:\/\/www.facebook.com\/Trak\u0173-turizmo-informacijos-centras-164768010681450"]},{"@type":"Person","@id":"https:\/\/www.trakai-visit.lt\/pl\/#\/schema\/person\/31f5f8417f95aea577ab4638cf5ffb32","name":"Trakai TVIC\/Tourism and Business Information","url":"https:\/\/www.trakai-visit.lt\/pl\/author\/trakaitic\/"}]}},"_links":{"self":[{"href":"https:\/\/www.trakai-visit.lt\/pl\/wp-json\/wp\/v2\/posts\/20648","targetHints":{"allow":["GET"]}}],"collection":[{"href":"https:\/\/www.trakai-visit.lt\/pl\/wp-json\/wp\/v2\/posts"}],"about":[{"href":"https:\/\/www.trakai-visit.lt\/pl\/wp-json\/wp\/v2\/types\/post"}],"author":[{"embeddable":true,"href":"https:\/\/www.trakai-visit.lt\/pl\/wp-json\/wp\/v2\/users\/3"}],"replies":[{"embeddable":true,"href":"https:\/\/www.trakai-visit.lt\/pl\/wp-json\/wp\/v2\/comments?post=20648"}],"version-history":[{"count":0,"href":"https:\/\/www.trakai-visit.lt\/pl\/wp-json\/wp\/v2\/posts\/20648\/revisions"}],"wp:attachment":[{"href":"https:\/\/www.trakai-visit.lt\/pl\/wp-json\/wp\/v2\/media?parent=20648"}],"wp:term":[{"taxonomy":"category","embeddable":true,"href":"https:\/\/www.trakai-visit.lt\/pl\/wp-json\/wp\/v2\/categories?post=20648"},{"taxonomy":"post_tag","embeddable":true,"href":"https:\/\/www.trakai-visit.lt\/pl\/wp-json\/wp\/v2\/tags?post=20648"},{"taxonomy":"zemelapio-ikona","embeddable":true,"href":"https:\/\/www.trakai-visit.lt\/pl\/wp-json\/wp\/v2\/zemelapio-ikona?post=20648"}],"curies":[{"name":"wp","href":"https:\/\/api.w.org\/{rel}","templated":true}]}}