{"id":28645,"date":"2021-10-08T14:03:43","date_gmt":"2021-10-08T11:03:43","guid":{"rendered":"https:\/\/www.trakai-visit.lt\/?p=28645"},"modified":"2021-10-08T14:06:27","modified_gmt":"2021-10-08T11:06:27","slug":"gora-ofiary-pokryta-jest-zlotymi-liscmi","status":"publish","type":"post","link":"https:\/\/www.trakai-visit.lt\/pl\/gora-ofiary-pokryta-jest-zlotymi-liscmi\/","title":{"rendered":"G\u00f3ra Ofiarna pokryta jest z\u0142otymi li\u015b\u0107mi"},"content":{"rendered":"\n<p>Je\u015bli przyjedziemy do Trok poci\u0105giem, spacerujemy brzegiem jezior Galv\u0117 i Luka, odwiedzamy wzg\u00f3rze Aukai. Na kra\u0144cu p\u00f3\u0142wyspu na zachodnim brzegu jeziora Luka (Bernardyn\u00f3w) wznosi si\u0119 na 17 metr\u00f3w kopiec zwany G\u00f3r\u0105 Ofiarn\u0105 \u2013 wed\u0142ug legendy sk\u0142adano tu poga\u0144skie ofiary.<\/p>\n\n\n\n<p>Wydaje si\u0119, \u017ce zosta\u0142o to potwierdzone w XIX wieku. Dziurkowat\u0105 \u0142y\u017ck\u0119 odnalaz\u0142, eksploruj\u0105cy tereny g\u00f3rskie, hrabia Eustachijus Ti\u0161kevi\u010dius &#8211; by\u0107 mo\u017ce mog\u0142a by\u0107 u\u017cyta do wytaczania krwi. Archeolodzy, kt\u00f3rzy p\u00f3\u017aniej badali znalezisko, stwierdzili, \u017ce jest to znacznie nowszy produkt &#8211; jak dot\u0105d nie znaleziono dowod\u00f3w na to, \u017ce kopiec ten m\u00f3g\u0142 by\u0107 miejscem poga\u0144skich obrz\u0119d\u00f3w ofiarnych.<\/p>\n\n\n\n<p>Zatrzymujemy si\u0119 na chwil\u0119 na fotografi\u0119 &#8211; w s\u0142oneczny dzie\u0144 \u015bwiat\u0142o przebija si\u0119 przez przerzedzone ga\u0142\u0119zie klonu, podkre\u015blaj\u0105c ch\u0142odne cienie drzew i zaokr\u0105glony wierzcho\u0142ek kopca. Z\u0142ote li\u015bcie opadaj\u0105 cicho, pokrywaj\u0105c ziemi\u0119 mi\u0119kkim i pachn\u0105cym dywanem.<\/p>\n\n\n\n<p><a href=\"https:\/\/exploretrakaivilnius.lt\/uploads\/documents\/files\/29_Auku_Kalnas_PL.mp3\">Audioprzewodnik o G\u00f3rze Ofiarnej<\/a><\/p>\n","protected":false},"excerpt":{"rendered":"<p>Je\u015bli przyjedziemy do Trok poci\u0105giem, spacerujemy brzegiem jezior Galv\u0117 i Luka, odwiedzamy wzg\u00f3rze Aukai. Na kra\u0144cu p\u00f3\u0142wyspu na zachodnim brzegu jeziora Luka (Bernardyn\u00f3w) wznosi si\u0119 na 17 metr\u00f3w kopiec zwany G\u00f3r\u0105 Ofiarn\u0105 \u2013 wed\u0142ug legendy sk\u0142adano tu poga\u0144skie ofiary. Wydaje si\u0119, \u017ce zosta\u0142o to potwierdzone w XIX wieku. Dziurkowat\u0105 \u0142y\u017ck\u0119 odnalaz\u0142, eksploruj\u0105cy tereny g\u00f3rskie, hrabia [&hellip;]<\/p>\n","protected":false},"author":3,"featured_media":0,"comment_status":"closed","ping_status":"closed","sticky":false,"template":"","format":"standard","meta":{"_acf_changed":false,"footnotes":""},"categories":[208],"tags":[],"zemelapio-ikona":[],"class_list":["post-28645","post","type-post","status-publish","format-standard","hentry","category-bez-kategorii"],"acf":[],"yoast_head":"<!-- This site is optimized with the Yoast SEO Premium plugin v23.8 (Yoast SEO v27.1.1) - https:\/\/yoast.com\/product\/yoast-seo-premium-wordpress\/ -->\n<title>G\u00f3ra Ofiarna pokryta jest z\u0142otymi li\u015b\u0107mi - Trakai<\/title>\n<meta name=\"description\" content=\"Obfituj\u0105cy w jeziora i poprzecinany rzekami krajobraz rejonu trockiego wyr\u00f3\u017cnia si\u0119 nie tylko pi\u0119knem przyrody, lecz tak\u017ce spu\u015bcizn\u0105 kulturalno-historyczn\u0105. Na zachodnim brzegu jeziora \u0141uka (albo Bernardyn\u00f3w), na samym koniuszku p\u00f3\u0142wyspu, le\u017cy G\u00f3ra Ofiarna, kt\u00f3ra wzbija si\u0119 na wysoko\u015b\u0107 17 metr\u00f3w. Z tego wzg\u00f3rza, obro\u015bni\u0119tego rzadkimi gatunkami drzew li\u015bciastych, rozci\u0105ga si\u0119 zapieraj\u0105cy dech w piersiach widok na lini\u0119 brzegow\u0105 jezior i zamek na wyspie w Trokach.\" \/>\n<meta name=\"robots\" content=\"index, follow, max-snippet:-1, max-image-preview:large, max-video-preview:-1\" \/>\n<link rel=\"canonical\" href=\"https:\/\/www.trakai-visit.lt\/pl\/gora-ofiary-pokryta-jest-zlotymi-liscmi\/\" \/>\n<meta property=\"og:locale\" content=\"pl_PL\" \/>\n<meta property=\"og:type\" content=\"article\" \/>\n<meta property=\"og:title\" content=\"G\u00f3ra Ofiarna pokryta jest z\u0142otymi li\u015b\u0107mi\" \/>\n<meta property=\"og:description\" content=\"Obfituj\u0105cy w jeziora i poprzecinany rzekami krajobraz rejonu trockiego wyr\u00f3\u017cnia si\u0119 nie tylko pi\u0119knem przyrody, lecz tak\u017ce spu\u015bcizn\u0105 kulturalno-historyczn\u0105. Na zachodnim brzegu jeziora \u0141uka (albo Bernardyn\u00f3w), na samym koniuszku p\u00f3\u0142wyspu, le\u017cy G\u00f3ra Ofiarna, kt\u00f3ra wzbija si\u0119 na wysoko\u015b\u0107 17 metr\u00f3w. Z tego wzg\u00f3rza, obro\u015bni\u0119tego rzadkimi gatunkami drzew li\u015bciastych, rozci\u0105ga si\u0119 zapieraj\u0105cy dech w piersiach widok na lini\u0119 brzegow\u0105 jezior i zamek na wyspie w Trokach.\" \/>\n<meta property=\"og:url\" content=\"https:\/\/www.trakai-visit.lt\/pl\/gora-ofiary-pokryta-jest-zlotymi-liscmi\/\" \/>\n<meta property=\"og:site_name\" content=\"Trakai\" \/>\n<meta property=\"article:publisher\" content=\"https:\/\/www.facebook.com\/Trak%c5%b3-turizmo-informacijos-centras-164768010681450\" \/>\n<meta property=\"article:published_time\" content=\"2021-10-08T11:03:43+00:00\" \/>\n<meta property=\"article:modified_time\" content=\"2021-10-08T11:06:27+00:00\" \/>\n<meta name=\"author\" content=\"Trakai TVIC\/Tourism and Business Information\" \/>\n<meta name=\"twitter:card\" content=\"summary_large_image\" \/>\n<meta name=\"twitter:label1\" content=\"Napisane przez\" \/>\n\t<meta name=\"twitter:data1\" content=\"Trakai TVIC\/Tourism and Business Information\" \/>\n\t<meta name=\"twitter:label2\" content=\"Szacowany czas czytania\" \/>\n\t<meta name=\"twitter:data2\" content=\"1 minuta\" \/>\n<script type=\"application\/ld+json\" class=\"yoast-schema-graph\">{\"@context\":\"https:\/\/schema.org\",\"@graph\":[{\"@type\":\"Article\",\"@id\":\"https:\/\/www.trakai-visit.lt\/pl\/gora-ofiary-pokryta-jest-zlotymi-liscmi\/#article\",\"isPartOf\":{\"@id\":\"https:\/\/www.trakai-visit.lt\/pl\/gora-ofiary-pokryta-jest-zlotymi-liscmi\/\"},\"author\":{\"name\":\"Trakai TVIC\/Tourism and Business Information\",\"@id\":\"https:\/\/www.trakai-visit.lt\/pl\/#\/schema\/person\/31f5f8417f95aea577ab4638cf5ffb32\"},\"headline\":\"G\u00f3ra Ofiarna pokryta jest z\u0142otymi li\u015b\u0107mi\",\"datePublished\":\"2021-10-08T11:03:43+00:00\",\"dateModified\":\"2021-10-08T11:06:27+00:00\",\"mainEntityOfPage\":{\"@id\":\"https:\/\/www.trakai-visit.lt\/pl\/gora-ofiary-pokryta-jest-zlotymi-liscmi\/\"},\"wordCount\":183,\"publisher\":{\"@id\":\"https:\/\/www.trakai-visit.lt\/pl\/#organization\"},\"inLanguage\":\"pl-PL\"},{\"@type\":\"WebPage\",\"@id\":\"https:\/\/www.trakai-visit.lt\/pl\/gora-ofiary-pokryta-jest-zlotymi-liscmi\/\",\"url\":\"https:\/\/www.trakai-visit.lt\/pl\/gora-ofiary-pokryta-jest-zlotymi-liscmi\/\",\"name\":\"G\u00f3ra Ofiarna pokryta jest z\u0142otymi li\u015b\u0107mi - Trakai\",\"isPartOf\":{\"@id\":\"https:\/\/www.trakai-visit.lt\/pl\/#website\"},\"datePublished\":\"2021-10-08T11:03:43+00:00\",\"dateModified\":\"2021-10-08T11:06:27+00:00\",\"description\":\"Obfituj\u0105cy w jeziora i poprzecinany rzekami krajobraz rejonu trockiego wyr\u00f3\u017cnia si\u0119 nie tylko pi\u0119knem przyrody, lecz tak\u017ce spu\u015bcizn\u0105 kulturalno-historyczn\u0105. Na zachodnim brzegu jeziora \u0141uka (albo Bernardyn\u00f3w), na samym koniuszku p\u00f3\u0142wyspu, le\u017cy G\u00f3ra Ofiarna, kt\u00f3ra wzbija si\u0119 na wysoko\u015b\u0107 17 metr\u00f3w. Z tego wzg\u00f3rza, obro\u015bni\u0119tego rzadkimi gatunkami drzew li\u015bciastych, rozci\u0105ga si\u0119 zapieraj\u0105cy dech w piersiach widok na lini\u0119 brzegow\u0105 jezior i zamek na wyspie w Trokach.\",\"breadcrumb\":{\"@id\":\"https:\/\/www.trakai-visit.lt\/pl\/gora-ofiary-pokryta-jest-zlotymi-liscmi\/#breadcrumb\"},\"inLanguage\":\"pl-PL\",\"potentialAction\":[{\"@type\":\"ReadAction\",\"target\":[\"https:\/\/www.trakai-visit.lt\/pl\/gora-ofiary-pokryta-jest-zlotymi-liscmi\/\"]}]},{\"@type\":\"BreadcrumbList\",\"@id\":\"https:\/\/www.trakai-visit.lt\/pl\/gora-ofiary-pokryta-jest-zlotymi-liscmi\/#breadcrumb\",\"itemListElement\":[{\"@type\":\"ListItem\",\"position\":1,\"name\":\"Home\",\"item\":\"https:\/\/www.trakai-visit.lt\/pl\/\"},{\"@type\":\"ListItem\",\"position\":2,\"name\":\"G\u00f3ra Ofiarna pokryta jest z\u0142otymi li\u015b\u0107mi\"}]},{\"@type\":\"WebSite\",\"@id\":\"https:\/\/www.trakai-visit.lt\/pl\/#website\",\"url\":\"https:\/\/www.trakai-visit.lt\/pl\/\",\"name\":\"Trakai\",\"description\":\"Trak\u0173 turizmo informacijos centras\",\"publisher\":{\"@id\":\"https:\/\/www.trakai-visit.lt\/pl\/#organization\"},\"potentialAction\":[{\"@type\":\"SearchAction\",\"target\":{\"@type\":\"EntryPoint\",\"urlTemplate\":\"https:\/\/www.trakai-visit.lt\/pl\/?s={search_term_string}\"},\"query-input\":{\"@type\":\"PropertyValueSpecification\",\"valueRequired\":true,\"valueName\":\"search_term_string\"}}],\"inLanguage\":\"pl-PL\"},{\"@type\":\"Organization\",\"@id\":\"https:\/\/www.trakai-visit.lt\/pl\/#organization\",\"name\":\"Trak\u0173 Turizmo Informacijos Centras\",\"url\":\"https:\/\/www.trakai-visit.lt\/pl\/\",\"logo\":{\"@type\":\"ImageObject\",\"inLanguage\":\"pl-PL\",\"@id\":\"https:\/\/www.trakai-visit.lt\/pl\/#\/schema\/logo\/image\/\",\"url\":\"https:\/\/www.trakai-visit.lt\/wp-content\/uploads\/2018\/02\/logo-2.png\",\"contentUrl\":\"https:\/\/www.trakai-visit.lt\/wp-content\/uploads\/2018\/02\/logo-2.png\",\"width\":194,\"height\":276,\"caption\":\"Trak\u0173 Turizmo Informacijos Centras\"},\"image\":{\"@id\":\"https:\/\/www.trakai-visit.lt\/pl\/#\/schema\/logo\/image\/\"},\"sameAs\":[\"https:\/\/www.facebook.com\/Trak\u0173-turizmo-informacijos-centras-164768010681450\"]},{\"@type\":\"Person\",\"@id\":\"https:\/\/www.trakai-visit.lt\/pl\/#\/schema\/person\/31f5f8417f95aea577ab4638cf5ffb32\",\"name\":\"Trakai TVIC\/Tourism and Business Information\",\"url\":\"https:\/\/www.trakai-visit.lt\/pl\/author\/trakaitic\/\"}]}<\/script>\n<!-- \/ Yoast SEO Premium plugin. -->","yoast_head_json":{"title":"G\u00f3ra Ofiarna pokryta jest z\u0142otymi li\u015b\u0107mi - Trakai","description":"Obfituj\u0105cy w jeziora i poprzecinany rzekami krajobraz rejonu trockiego wyr\u00f3\u017cnia si\u0119 nie tylko pi\u0119knem przyrody, lecz tak\u017ce spu\u015bcizn\u0105 kulturalno-historyczn\u0105. Na zachodnim brzegu jeziora \u0141uka (albo Bernardyn\u00f3w), na samym koniuszku p\u00f3\u0142wyspu, le\u017cy G\u00f3ra Ofiarna, kt\u00f3ra wzbija si\u0119 na wysoko\u015b\u0107 17 metr\u00f3w. Z tego wzg\u00f3rza, obro\u015bni\u0119tego rzadkimi gatunkami drzew li\u015bciastych, rozci\u0105ga si\u0119 zapieraj\u0105cy dech w piersiach widok na lini\u0119 brzegow\u0105 jezior i zamek na wyspie w Trokach.","robots":{"index":"index","follow":"follow","max-snippet":"max-snippet:-1","max-image-preview":"max-image-preview:large","max-video-preview":"max-video-preview:-1"},"canonical":"https:\/\/www.trakai-visit.lt\/pl\/gora-ofiary-pokryta-jest-zlotymi-liscmi\/","og_locale":"pl_PL","og_type":"article","og_title":"G\u00f3ra Ofiarna pokryta jest z\u0142otymi li\u015b\u0107mi","og_description":"Obfituj\u0105cy w jeziora i poprzecinany rzekami krajobraz rejonu trockiego wyr\u00f3\u017cnia si\u0119 nie tylko pi\u0119knem przyrody, lecz tak\u017ce spu\u015bcizn\u0105 kulturalno-historyczn\u0105. Na zachodnim brzegu jeziora \u0141uka (albo Bernardyn\u00f3w), na samym koniuszku p\u00f3\u0142wyspu, le\u017cy G\u00f3ra Ofiarna, kt\u00f3ra wzbija si\u0119 na wysoko\u015b\u0107 17 metr\u00f3w. Z tego wzg\u00f3rza, obro\u015bni\u0119tego rzadkimi gatunkami drzew li\u015bciastych, rozci\u0105ga si\u0119 zapieraj\u0105cy dech w piersiach widok na lini\u0119 brzegow\u0105 jezior i zamek na wyspie w Trokach.","og_url":"https:\/\/www.trakai-visit.lt\/pl\/gora-ofiary-pokryta-jest-zlotymi-liscmi\/","og_site_name":"Trakai","article_publisher":"https:\/\/www.facebook.com\/Trak%c5%b3-turizmo-informacijos-centras-164768010681450","article_published_time":"2021-10-08T11:03:43+00:00","article_modified_time":"2021-10-08T11:06:27+00:00","author":"Trakai TVIC\/Tourism and Business Information","twitter_card":"summary_large_image","twitter_misc":{"Napisane przez":"Trakai TVIC\/Tourism and Business Information","Szacowany czas czytania":"1 minuta"},"schema":{"@context":"https:\/\/schema.org","@graph":[{"@type":"Article","@id":"https:\/\/www.trakai-visit.lt\/pl\/gora-ofiary-pokryta-jest-zlotymi-liscmi\/#article","isPartOf":{"@id":"https:\/\/www.trakai-visit.lt\/pl\/gora-ofiary-pokryta-jest-zlotymi-liscmi\/"},"author":{"name":"Trakai TVIC\/Tourism and Business Information","@id":"https:\/\/www.trakai-visit.lt\/pl\/#\/schema\/person\/31f5f8417f95aea577ab4638cf5ffb32"},"headline":"G\u00f3ra Ofiarna pokryta jest z\u0142otymi li\u015b\u0107mi","datePublished":"2021-10-08T11:03:43+00:00","dateModified":"2021-10-08T11:06:27+00:00","mainEntityOfPage":{"@id":"https:\/\/www.trakai-visit.lt\/pl\/gora-ofiary-pokryta-jest-zlotymi-liscmi\/"},"wordCount":183,"publisher":{"@id":"https:\/\/www.trakai-visit.lt\/pl\/#organization"},"inLanguage":"pl-PL"},{"@type":"WebPage","@id":"https:\/\/www.trakai-visit.lt\/pl\/gora-ofiary-pokryta-jest-zlotymi-liscmi\/","url":"https:\/\/www.trakai-visit.lt\/pl\/gora-ofiary-pokryta-jest-zlotymi-liscmi\/","name":"G\u00f3ra Ofiarna pokryta jest z\u0142otymi li\u015b\u0107mi - Trakai","isPartOf":{"@id":"https:\/\/www.trakai-visit.lt\/pl\/#website"},"datePublished":"2021-10-08T11:03:43+00:00","dateModified":"2021-10-08T11:06:27+00:00","description":"Obfituj\u0105cy w jeziora i poprzecinany rzekami krajobraz rejonu trockiego wyr\u00f3\u017cnia si\u0119 nie tylko pi\u0119knem przyrody, lecz tak\u017ce spu\u015bcizn\u0105 kulturalno-historyczn\u0105. Na zachodnim brzegu jeziora \u0141uka (albo Bernardyn\u00f3w), na samym koniuszku p\u00f3\u0142wyspu, le\u017cy G\u00f3ra Ofiarna, kt\u00f3ra wzbija si\u0119 na wysoko\u015b\u0107 17 metr\u00f3w. Z tego wzg\u00f3rza, obro\u015bni\u0119tego rzadkimi gatunkami drzew li\u015bciastych, rozci\u0105ga si\u0119 zapieraj\u0105cy dech w piersiach widok na lini\u0119 brzegow\u0105 jezior i zamek na wyspie w Trokach.","breadcrumb":{"@id":"https:\/\/www.trakai-visit.lt\/pl\/gora-ofiary-pokryta-jest-zlotymi-liscmi\/#breadcrumb"},"inLanguage":"pl-PL","potentialAction":[{"@type":"ReadAction","target":["https:\/\/www.trakai-visit.lt\/pl\/gora-ofiary-pokryta-jest-zlotymi-liscmi\/"]}]},{"@type":"BreadcrumbList","@id":"https:\/\/www.trakai-visit.lt\/pl\/gora-ofiary-pokryta-jest-zlotymi-liscmi\/#breadcrumb","itemListElement":[{"@type":"ListItem","position":1,"name":"Home","item":"https:\/\/www.trakai-visit.lt\/pl\/"},{"@type":"ListItem","position":2,"name":"G\u00f3ra Ofiarna pokryta jest z\u0142otymi li\u015b\u0107mi"}]},{"@type":"WebSite","@id":"https:\/\/www.trakai-visit.lt\/pl\/#website","url":"https:\/\/www.trakai-visit.lt\/pl\/","name":"Trakai","description":"Trak\u0173 turizmo informacijos centras","publisher":{"@id":"https:\/\/www.trakai-visit.lt\/pl\/#organization"},"potentialAction":[{"@type":"SearchAction","target":{"@type":"EntryPoint","urlTemplate":"https:\/\/www.trakai-visit.lt\/pl\/?s={search_term_string}"},"query-input":{"@type":"PropertyValueSpecification","valueRequired":true,"valueName":"search_term_string"}}],"inLanguage":"pl-PL"},{"@type":"Organization","@id":"https:\/\/www.trakai-visit.lt\/pl\/#organization","name":"Trak\u0173 Turizmo Informacijos Centras","url":"https:\/\/www.trakai-visit.lt\/pl\/","logo":{"@type":"ImageObject","inLanguage":"pl-PL","@id":"https:\/\/www.trakai-visit.lt\/pl\/#\/schema\/logo\/image\/","url":"https:\/\/www.trakai-visit.lt\/wp-content\/uploads\/2018\/02\/logo-2.png","contentUrl":"https:\/\/www.trakai-visit.lt\/wp-content\/uploads\/2018\/02\/logo-2.png","width":194,"height":276,"caption":"Trak\u0173 Turizmo Informacijos Centras"},"image":{"@id":"https:\/\/www.trakai-visit.lt\/pl\/#\/schema\/logo\/image\/"},"sameAs":["https:\/\/www.facebook.com\/Trak\u0173-turizmo-informacijos-centras-164768010681450"]},{"@type":"Person","@id":"https:\/\/www.trakai-visit.lt\/pl\/#\/schema\/person\/31f5f8417f95aea577ab4638cf5ffb32","name":"Trakai TVIC\/Tourism and Business Information","url":"https:\/\/www.trakai-visit.lt\/pl\/author\/trakaitic\/"}]}},"_links":{"self":[{"href":"https:\/\/www.trakai-visit.lt\/pl\/wp-json\/wp\/v2\/posts\/28645","targetHints":{"allow":["GET"]}}],"collection":[{"href":"https:\/\/www.trakai-visit.lt\/pl\/wp-json\/wp\/v2\/posts"}],"about":[{"href":"https:\/\/www.trakai-visit.lt\/pl\/wp-json\/wp\/v2\/types\/post"}],"author":[{"embeddable":true,"href":"https:\/\/www.trakai-visit.lt\/pl\/wp-json\/wp\/v2\/users\/3"}],"replies":[{"embeddable":true,"href":"https:\/\/www.trakai-visit.lt\/pl\/wp-json\/wp\/v2\/comments?post=28645"}],"version-history":[{"count":0,"href":"https:\/\/www.trakai-visit.lt\/pl\/wp-json\/wp\/v2\/posts\/28645\/revisions"}],"wp:attachment":[{"href":"https:\/\/www.trakai-visit.lt\/pl\/wp-json\/wp\/v2\/media?parent=28645"}],"wp:term":[{"taxonomy":"category","embeddable":true,"href":"https:\/\/www.trakai-visit.lt\/pl\/wp-json\/wp\/v2\/categories?post=28645"},{"taxonomy":"post_tag","embeddable":true,"href":"https:\/\/www.trakai-visit.lt\/pl\/wp-json\/wp\/v2\/tags?post=28645"},{"taxonomy":"zemelapio-ikona","embeddable":true,"href":"https:\/\/www.trakai-visit.lt\/pl\/wp-json\/wp\/v2\/zemelapio-ikona?post=28645"}],"curies":[{"name":"wp","href":"https:\/\/api.w.org\/{rel}","templated":true}]}}