{"id":31279,"date":"2021-12-07T10:38:59","date_gmt":"2021-12-07T08:38:59","guid":{"rendered":"https:\/\/www.trakai-visit.lt\/?p=31279"},"modified":"2025-06-02T14:38:46","modified_gmt":"2025-06-02T11:38:46","slug":"palac-w-zatroczu","status":"publish","type":"post","link":"https:\/\/www.trakai-visit.lt\/pl\/palac-w-zatroczu\/","title":{"rendered":"Pa\u0142ac w Zatroczu"},"content":{"rendered":"\r\n<p>Pa\u0142ac w Zatroczu to jeden z najlepiej zachowanych i najpi\u0119kniejszych dwor\u00f3w na Litwie. Zesp\u00f3\u0142 pa\u0142acowo-parkowy, zbudowany na brzegu jeziora, daje mo\u017cliwo\u015b\u0107 zapoznania si\u0119 ze stylem \u017cycia litewskich rod\u00f3w magnackich z XIX wieku.\u00a0<\/p>\r\n\r\n\r\n\r\n<p>\u00a0\u00a0\u00a0\u00a0\u00a0\u00a0\u00a0\u00a0\u00a0\u00a0\u00a0\u00a0Posiad\u0142o\u015b\u0107 w Zatroczu, kt\u00f3r\u0105 mo\u017cna dzisiaj podziwia\u0107, zosta\u0142a wybudowana na pocz\u0105tku XX wieku z inicjatywy J\u00f3zefa Tyszkiewicza i jego \u017cony, polskiej ksi\u0119\u017cnej Jadwigi. Hrabia wybra\u0142 to miejsce, b\u0119d\u0105c urzeczonym unikalnym krajobrazem oraz mo\u017cliwo\u015bciami, jakie dawa\u0142o po\u0142o\u017cenie terenu.\u00a0<\/p>\r\n\r\n\r\n\r\n<p>Pa\u0142ac, wyposa\u017cony w imponuj\u0105ce wn\u0119trza w stylu Ludwika XVI, zaprojektowa\u0142 polski architekt J\u00f3zef Huss. Zako\u0144czenia tarasu, z kt\u00f3rego rozci\u0105ga si\u0119 bajeczny widok na zamek w Trokach, s\u0105 zwie\u0144czone otwartymi pawilonami widokowymi. Park wok\u00f3\u0142 pa\u0142acu projektowa\u0142 znany francuski architekt krajobrazu \u00c9douard Francois Andr\u00e9. Park w stylu mieszanym zosta\u0142 ozdobiony pos\u0105gami przedstawiaj\u0105cymi antyczne postacie i mn\u00f3stwem r\u00f3\u017cnorodnych ro\u015blin. Do dzi\u015b mo\u017cna znale\u017a\u0107 w nim prawie 100 gatunk\u00f3w drzew i krzew\u00f3w \u2013 ponad po\u0142owa z nich zosta\u0142a specjalnie w tym celu \u015bci\u0105gni\u0119ta z innych region\u00f3w.\u00a0<\/p>\r\n\r\n\r\n\r\n<p>Dzisiaj do zamku prowadzi nas ubita droga l\u0105dowa, chocia\u017c rodzina hrabiowska nie korzysta\u0142a z niej, aby dosta\u0107 si\u0119 do pa\u0142acu. Drog\u0119 t\u0119 nazwano \u201eziemniaczan\u0105\u201c, poniewa\u017c u\u017cywano jej do zaopatrzenia. Gospodarz z bliskimi osobami korzysta\u0142 natomiast z drogi wodnej, po kt\u00f3rej na p\u00f3\u0142wysep kursowa\u0142 prom obs\u0142ugiwany przez kapitana mieszkaj\u0105cego nad przesmykiem mi\u0119dzy jeziorami Galwe i Skaistis. Drog\u0105 wodn\u0105 do pa\u0142acu docierali r\u00f3wnie\u017c go\u015bcie udaj\u0105cy si\u0119 na cz\u0119ste przyj\u0119cia, bale i spotkania rodzinne. Imprezom zawsze towarzyszy\u0142a muzyka na \u017cywo, sto\u0142y by\u0142y obficie zastawione i nie brakowa\u0142o na nich francuskiego sera produkowanego we dworze i napoj\u00f3w z dworskiej gorzelni, a w centralnym miejscu na stole sta\u0142 pieczony ba\u017cant \u2013 r\u00f3wnie\u017c wyhodowany we dworze.<\/p>\r\n\r\n\r\n\r\n<p>R\u00f3d Tyszkiewicz\u00f3w zamieszkiwa\u0142 dw\u00f3r w Zatroczu do wybuchu II wojny \u015bwiatowej. Podczas okupacji sowieckiej pa\u0142ac zosta\u0142 znacjonalizowany i zamieniony na sanatorium, ob\u00f3z pionierski, a p\u00f3\u017aniej na o\u015brodek turystyczny, w wyniku czego uleg\u0142 dewastacji \u2013 zmieniono oryginalne rozplanowanie wn\u0119trz, a park popad\u0142 w zaniedbanie.\u00a0<\/p>\r\n\r\n\r\n\r\n<p>Obecnie zesp\u00f3\u0142 pa\u0142acowo-parkowy w Zatroczu od\u017cy\u0142 w pe\u0142nej krasie \u2013 wyremontowano pa\u0142ac oraz park. Na terenie dworu regularnie organizowane s\u0105 koncerty i wystawy, a miejsce to sta\u0142o si\u0119 jedn\u0105 z najpopularniejszych atrakcji turystycznych w regionie.\u00a0<\/p>\r\n\r\n\r\n\r\n<p><strong>Historia dworu w Zatroczach<\/strong><\/p>\r\n\r\n\r\n\r\n<p>P\u00f3\u0142wysep mi\u0119dzy jeziorami Galwe i Skaistis pojawia si\u0119 w \u017ar\u00f3d\u0142ach pisanych ju\u017c od XIV wieku, kiedy nazywano go \u201ewysp\u0105 Algirda\u201d. W\u00f3wczas nale\u017ca\u0142 on do wielmo\u017c\u00f3w tatarskich, a hrabia J\u00f3zef Tyszkiewicz (1835-1891) naby\u0142 go dopiero w drugiej po\u0142owie XIX wieku.<\/p>\r\n\r\n\r\n\r\n<p>Do dzisiaj zachowany dw\u00f3r zbudowa\u0142 syn hrabi\u00f3w, r\u00f3wnie\u017c o imieniu J\u00f3zef (1868-1917), robi\u0105c to przy wsparciu swojej \u017cony, polskiej ksi\u0119\u017cnej Jadwigi \u015awiatope\u0142k-Czetwerty\u0144skiej. Zesp\u00f3\u0142 pa\u0142acowo-parkowy powsta\u0142 w latach 1896-1902.\u00a0<\/p>\r\n\r\n\r\n\r\n<p>W czasie I wojny \u015bwiatowej, gdy wojska niemieckie zbli\u017ca\u0142y si\u0119 do dworu, J\u00f3zef Tyszkiewicz razem z rodzin\u0105 opu\u015bci\u0142 posiad\u0142o\u015b\u0107 i wyjecha\u0142 do Petersburga. Do II wojny \u015bwiatowej dworem zarz\u0105dza\u0142 najstarszy syn hrabiego \u2013 Andrzej. Podczas wojny dw\u00f3r zamieszkiwa\u0142o wojsko niemieckie, a po wojnie dw\u00f3r zosta\u0142 znacjonalizowany przez w\u0142adze sowieckie.<\/p>\r\n\r\n\r\n\r\n<p><strong>Park<\/strong><\/p>\r\n\r\n\r\n\r\n<p>Architekt krajobrazu, Francuz \u00c9douard Francois Andr\u00e9, przyby\u0142 do Zatrocza w 1898 roku. Opieraj\u0105c si\u0119 na w\u0142asnym projekcie, stworzy\u0142 on w charakterystycznym dla siebie stylu park mieszany, kt\u00f3rego powierzchnia si\u0119ga\u0142a 80 ha. Naprzeciw pa\u0142acu zosta\u0142 zaprojektowany park tarasowy z alejkami, z boku kt\u00f3rego ros\u0142y przycinane wierzby dekoracyjne i ornamentalne rabatki \u2013wszystko przystrojone marmurowymi wazami i rze\u017abami.\u00a0<\/p>\r\n\r\n\r\n\r\n<p>Architekt po mistrzowsku wykorzysta\u0142 kontrastowy pejza\u017c p\u00f3\u0142wyspu, za pomoc\u0105 usypanych kompozycji skalnych podkre\u015bli\u0142 pag\u00f3rki, a otaczaj\u0105ce jezioro uzupe\u0142ni\u0142 sieci\u0105 oczek wodnych. W tym celu wykopano ponad 20 staw\u00f3w, kt\u00f3re by\u0142y po\u0142\u0105czone ze sob\u0105 oraz z jeziorami. Tak oto powsta\u0142 unikalny park, kt\u00f3rego odbicia w lustrach wodnych zaciera\u0142y granic\u0119 mi\u0119dzy l\u0105dem a wod\u0105.\u00a0<\/p>\r\n\r\n\r\n\r\n<p><strong>Wyremontowany pa\u0142ac<\/strong><\/p>\r\n\r\n\r\n\r\n<p>Pa\u0142ac znajduj\u0105cy si\u0119 na terenie dworu l\u015bnia\u0142 od bogactw, a jego usytuowanie pozwala\u0142o podziwia\u0107 wyj\u0105tkowy pejza\u017c. Pa\u0142ac uleg\u0142 dewastacji w drugiej po\u0142owie XX wieku, ale dziasiaj podlega kompleksowej renowacji.\u00a0<\/p>\r\n\r\n\r\n\r\n<p>W 2008 roku odnowiono wn\u0119trza pa\u0142acu, pierwsze pi\u0119tro, poddasze, westybul i klatk\u0119 schodow\u0105. W 2010 roku zosta\u0142a otwarta dla zwiedzaj\u0105cych pierwsza wyremontowana komnata \u2013 reprezentacyjna jadalnia wyko\u0144czona w stylu Ludwika XVI. Razem z jadalni\u0105, zgodnie z oryginalnym planem, zrekonstruowano ca\u0142y parter, jak r\u00f3wnie\u017c poddano skrupulatnej rekonstrukcji subteln\u0105 sztukateri\u0119 \u015bcienn\u0105. W tym samym roku uko\u0144czono rekonstrukcj\u0119 Sali Gobelenowej.\u00a0<\/p>\r\n\r\n\r\n\r\n<p><strong>Przyroda<\/strong><\/p>\r\n\r\n\r\n\r\n<p>W parku pa\u0142acowym mo\u017cna spotka\u0107 lokalne i sprowadzone ro\u015bliny ozdobne: 38 gatunk\u00f3w rosn\u0105cych na Litwie, 54 gatunki sprowadzonych drzew i krzew\u00f3w oraz oko\u0142o 400 gatunk\u00f3w ro\u015blin trawiastych. Wiele z tych ro\u015blin posadzono na polecenie samego projektanta parku \u2013 Eduarda Andre.\u00a0<\/p>\r\n\r\n\r\n\r\n<p>Park zamieszkuj\u0105 wiewi\u00f3rki, sarny, a nawet 7 gatunk\u00f3w nietoperzy. W stawach i wok\u00f3\u0142 nich mo\u017cna spotka\u0107 rzadkie okazy \u017cab, traszki zwyczajne i grzebieniaste oraz wydry. Na starszych okazach drzew przesiaduje kilka gatunk\u00f3w dzi\u0119cio\u0142\u00f3w i s\u00f3w. W okolicy parku gniazdo zak\u0142ada jastrz\u0105b zwyczajny i b\u0142otniak stawowy, na dachu pa\u0142acu gniazduj\u0105 tracze, a w stawach \u017cywi\u0105 si\u0119 czaple i mewy rzeczne.\u00a0<\/p>\r\n\r\n\r\n\r\n<p><strong>Rze\u017aby<\/strong><\/p>\r\n\r\n\r\n\r\n<p>Od samego pocz\u0105tku istnienia dworu jego teren zdobi\u0142y rze\u017aby \u2013 mi\u0119dzy nimi reprodukcje dzie\u0142 znanego XVIII-wiecznego francuskiego rze\u017abiarza Antoine Coysevox. Najcz\u0119stszym motywem jego prac by\u0142y posagi antycznych b\u00f3stw i bogi\u0144. Niestety, prawie wszystkie pos\u0105gi uleg\u0142y zniszczeniu na skutek dzia\u0142a\u0144 wojennych podczas II wojny \u015bwiatowej. Na szcz\u0119\u015bcie, dzisiaj s\u0105 rekonstruowane i wracaj\u0105 na swoje miejsca w parku.\u00a0<\/p>\r\n\r\n\r\n\r\n<p>W parku mo\u017cemy podziwia\u0107 pos\u0105g antycznej bogini Diany, do stworzenia kt\u00f3rego za model pos\u0142u\u017cy\u0142a Marie-Adelaide de Savoie \u2013 matka kr\u00f3la Francji Ludwika XV. Ten pos\u0105g, jak r\u00f3wnie\u017c pos\u0105gi Flory i Hamadriady, to reprodukcje dzie\u0142 znajduj\u0105cych si\u0119 w Luwrze. Ponadto, mo\u017cna tutaj zobaczy\u0107 rzucaj\u0105cy si\u0119 w oczy kamienny pos\u0105g Bachusa, greckiego boga p\u0142odno\u015bci i r\u00f3\u017cnorodne popiersia, a nad brzegiem jeziora Galwe stoi rze\u017aba Maryji Panny, kt\u00f3ra przetrwa\u0142a w parku najd\u0142u\u017cej, bo do 1964 roku. Potem kto\u015b, wandalskim czynem, wrzuci\u0142 j\u0105 do jeziora. W 1975 roku zniszczon\u0105 rze\u017ab\u0119 odnaleziono na cmentarzu we wsi Worniki i przeniesiono do ko\u015bcio\u0142a w Trokach, a w parku w Zatroczu znajduje si\u0119 obecnie reprodukcja oryginalnej rze\u017aby.<\/p>\r\n","protected":false},"excerpt":{"rendered":"<p>Pa\u0142ac w Zatroczu to jeden z najlepiej zachowanych i najpi\u0119kniejszych dwor\u00f3w na Litwie. Zesp\u00f3\u0142 pa\u0142acowo-parkowy, zbudowany na brzegu jeziora, daje mo\u017cliwo\u015b\u0107 zapoznania si\u0119 ze stylem \u017cycia litewskich rod\u00f3w magnackich z XIX wieku.\u00a0 \u00a0\u00a0\u00a0\u00a0\u00a0\u00a0\u00a0\u00a0\u00a0\u00a0\u00a0\u00a0Posiad\u0142o\u015b\u0107 w Zatroczu, kt\u00f3r\u0105 mo\u017cna dzisiaj podziwia\u0107, zosta\u0142a wybudowana na pocz\u0105tku XX wieku z inicjatywy J\u00f3zefa Tyszkiewicza i jego \u017cony, polskiej ksi\u0119\u017cnej Jadwigi. [&hellip;]<\/p>\n","protected":false},"author":3,"featured_media":0,"comment_status":"closed","ping_status":"closed","sticky":false,"template":"","format":"standard","meta":{"_acf_changed":false,"footnotes":""},"categories":[214],"tags":[],"zemelapio-ikona":[],"class_list":["post-31279","post","type-post","status-publish","format-standard","hentry","category-lankytinos-vietos-pl"],"acf":[],"yoast_head":"<!-- This site is optimized with the Yoast SEO Premium plugin v23.8 (Yoast SEO v27.1.1) - https:\/\/yoast.com\/product\/yoast-seo-premium-wordpress\/ -->\n<title>Pa\u0142ac w Zatroczu - Trakai<\/title>\n<meta name=\"robots\" content=\"index, follow, max-snippet:-1, max-image-preview:large, max-video-preview:-1\" \/>\n<link rel=\"canonical\" href=\"https:\/\/www.trakai-visit.lt\/pl\/palac-w-zatroczu\/\" \/>\n<meta property=\"og:locale\" content=\"pl_PL\" \/>\n<meta property=\"og:type\" content=\"article\" \/>\n<meta property=\"og:title\" content=\"Pa\u0142ac w Zatroczu\" \/>\n<meta property=\"og:description\" content=\"Pa\u0142ac w Zatroczu to jeden z najlepiej zachowanych i najpi\u0119kniejszych dwor\u00f3w na Litwie. Zesp\u00f3\u0142 pa\u0142acowo-parkowy, zbudowany na brzegu jeziora, daje mo\u017cliwo\u015b\u0107 zapoznania si\u0119 ze stylem \u017cycia litewskich rod\u00f3w magnackich z XIX wieku.\u00a0 \u00a0\u00a0\u00a0\u00a0\u00a0\u00a0\u00a0\u00a0\u00a0\u00a0\u00a0\u00a0Posiad\u0142o\u015b\u0107 w Zatroczu, kt\u00f3r\u0105 mo\u017cna dzisiaj podziwia\u0107, zosta\u0142a wybudowana na pocz\u0105tku XX wieku z inicjatywy J\u00f3zefa Tyszkiewicza i jego \u017cony, polskiej ksi\u0119\u017cnej Jadwigi. [&hellip;]\" \/>\n<meta property=\"og:url\" content=\"https:\/\/www.trakai-visit.lt\/pl\/palac-w-zatroczu\/\" \/>\n<meta property=\"og:site_name\" content=\"Trakai\" \/>\n<meta property=\"article:publisher\" content=\"https:\/\/www.facebook.com\/Trak%c5%b3-turizmo-informacijos-centras-164768010681450\" \/>\n<meta property=\"article:published_time\" content=\"2021-12-07T08:38:59+00:00\" \/>\n<meta property=\"article:modified_time\" content=\"2025-06-02T11:38:46+00:00\" \/>\n<meta name=\"author\" content=\"Trakai TVIC\/Tourism and Business Information\" \/>\n<meta name=\"twitter:card\" content=\"summary_large_image\" \/>\n<meta name=\"twitter:label1\" content=\"Napisane przez\" \/>\n\t<meta name=\"twitter:data1\" content=\"Trakai TVIC\/Tourism and Business Information\" \/>\n\t<meta name=\"twitter:label2\" content=\"Szacowany czas czytania\" \/>\n\t<meta name=\"twitter:data2\" content=\"6 minut\" \/>\n<script type=\"application\/ld+json\" class=\"yoast-schema-graph\">{\"@context\":\"https:\/\/schema.org\",\"@graph\":[{\"@type\":\"Article\",\"@id\":\"https:\/\/www.trakai-visit.lt\/pl\/palac-w-zatroczu\/#article\",\"isPartOf\":{\"@id\":\"https:\/\/www.trakai-visit.lt\/pl\/palac-w-zatroczu\/\"},\"author\":{\"name\":\"Trakai TVIC\/Tourism and Business Information\",\"@id\":\"https:\/\/www.trakai-visit.lt\/pl\/#\/schema\/person\/31f5f8417f95aea577ab4638cf5ffb32\"},\"headline\":\"Pa\u0142ac w Zatroczu\",\"datePublished\":\"2021-12-07T08:38:59+00:00\",\"dateModified\":\"2025-06-02T11:38:46+00:00\",\"mainEntityOfPage\":{\"@id\":\"https:\/\/www.trakai-visit.lt\/pl\/palac-w-zatroczu\/\"},\"wordCount\":1109,\"publisher\":{\"@id\":\"https:\/\/www.trakai-visit.lt\/pl\/#organization\"},\"articleSection\":[\"Warto zwiedzi\u0107\"],\"inLanguage\":\"pl-PL\"},{\"@type\":\"WebPage\",\"@id\":\"https:\/\/www.trakai-visit.lt\/pl\/palac-w-zatroczu\/\",\"url\":\"https:\/\/www.trakai-visit.lt\/pl\/palac-w-zatroczu\/\",\"name\":\"Pa\u0142ac w Zatroczu - Trakai\",\"isPartOf\":{\"@id\":\"https:\/\/www.trakai-visit.lt\/pl\/#website\"},\"datePublished\":\"2021-12-07T08:38:59+00:00\",\"dateModified\":\"2025-06-02T11:38:46+00:00\",\"breadcrumb\":{\"@id\":\"https:\/\/www.trakai-visit.lt\/pl\/palac-w-zatroczu\/#breadcrumb\"},\"inLanguage\":\"pl-PL\",\"potentialAction\":[{\"@type\":\"ReadAction\",\"target\":[\"https:\/\/www.trakai-visit.lt\/pl\/palac-w-zatroczu\/\"]}]},{\"@type\":\"BreadcrumbList\",\"@id\":\"https:\/\/www.trakai-visit.lt\/pl\/palac-w-zatroczu\/#breadcrumb\",\"itemListElement\":[{\"@type\":\"ListItem\",\"position\":1,\"name\":\"Home\",\"item\":\"https:\/\/www.trakai-visit.lt\/pl\/\"},{\"@type\":\"ListItem\",\"position\":2,\"name\":\"Pa\u0142ac w Zatroczu\"}]},{\"@type\":\"WebSite\",\"@id\":\"https:\/\/www.trakai-visit.lt\/pl\/#website\",\"url\":\"https:\/\/www.trakai-visit.lt\/pl\/\",\"name\":\"Trakai\",\"description\":\"Trak\u0173 turizmo informacijos centras\",\"publisher\":{\"@id\":\"https:\/\/www.trakai-visit.lt\/pl\/#organization\"},\"potentialAction\":[{\"@type\":\"SearchAction\",\"target\":{\"@type\":\"EntryPoint\",\"urlTemplate\":\"https:\/\/www.trakai-visit.lt\/pl\/?s={search_term_string}\"},\"query-input\":{\"@type\":\"PropertyValueSpecification\",\"valueRequired\":true,\"valueName\":\"search_term_string\"}}],\"inLanguage\":\"pl-PL\"},{\"@type\":\"Organization\",\"@id\":\"https:\/\/www.trakai-visit.lt\/pl\/#organization\",\"name\":\"Trak\u0173 Turizmo Informacijos Centras\",\"url\":\"https:\/\/www.trakai-visit.lt\/pl\/\",\"logo\":{\"@type\":\"ImageObject\",\"inLanguage\":\"pl-PL\",\"@id\":\"https:\/\/www.trakai-visit.lt\/pl\/#\/schema\/logo\/image\/\",\"url\":\"https:\/\/www.trakai-visit.lt\/wp-content\/uploads\/2018\/02\/logo-2.png\",\"contentUrl\":\"https:\/\/www.trakai-visit.lt\/wp-content\/uploads\/2018\/02\/logo-2.png\",\"width\":194,\"height\":276,\"caption\":\"Trak\u0173 Turizmo Informacijos Centras\"},\"image\":{\"@id\":\"https:\/\/www.trakai-visit.lt\/pl\/#\/schema\/logo\/image\/\"},\"sameAs\":[\"https:\/\/www.facebook.com\/Trak\u0173-turizmo-informacijos-centras-164768010681450\"]},{\"@type\":\"Person\",\"@id\":\"https:\/\/www.trakai-visit.lt\/pl\/#\/schema\/person\/31f5f8417f95aea577ab4638cf5ffb32\",\"name\":\"Trakai TVIC\/Tourism and Business Information\",\"url\":\"https:\/\/www.trakai-visit.lt\/pl\/author\/trakaitic\/\"}]}<\/script>\n<!-- \/ Yoast SEO Premium plugin. -->","yoast_head_json":{"title":"Pa\u0142ac w Zatroczu - Trakai","robots":{"index":"index","follow":"follow","max-snippet":"max-snippet:-1","max-image-preview":"max-image-preview:large","max-video-preview":"max-video-preview:-1"},"canonical":"https:\/\/www.trakai-visit.lt\/pl\/palac-w-zatroczu\/","og_locale":"pl_PL","og_type":"article","og_title":"Pa\u0142ac w Zatroczu","og_description":"Pa\u0142ac w Zatroczu to jeden z najlepiej zachowanych i najpi\u0119kniejszych dwor\u00f3w na Litwie. Zesp\u00f3\u0142 pa\u0142acowo-parkowy, zbudowany na brzegu jeziora, daje mo\u017cliwo\u015b\u0107 zapoznania si\u0119 ze stylem \u017cycia litewskich rod\u00f3w magnackich z XIX wieku.\u00a0 \u00a0\u00a0\u00a0\u00a0\u00a0\u00a0\u00a0\u00a0\u00a0\u00a0\u00a0\u00a0Posiad\u0142o\u015b\u0107 w Zatroczu, kt\u00f3r\u0105 mo\u017cna dzisiaj podziwia\u0107, zosta\u0142a wybudowana na pocz\u0105tku XX wieku z inicjatywy J\u00f3zefa Tyszkiewicza i jego \u017cony, polskiej ksi\u0119\u017cnej Jadwigi. [&hellip;]","og_url":"https:\/\/www.trakai-visit.lt\/pl\/palac-w-zatroczu\/","og_site_name":"Trakai","article_publisher":"https:\/\/www.facebook.com\/Trak%c5%b3-turizmo-informacijos-centras-164768010681450","article_published_time":"2021-12-07T08:38:59+00:00","article_modified_time":"2025-06-02T11:38:46+00:00","author":"Trakai TVIC\/Tourism and Business Information","twitter_card":"summary_large_image","twitter_misc":{"Napisane przez":"Trakai TVIC\/Tourism and Business Information","Szacowany czas czytania":"6 minut"},"schema":{"@context":"https:\/\/schema.org","@graph":[{"@type":"Article","@id":"https:\/\/www.trakai-visit.lt\/pl\/palac-w-zatroczu\/#article","isPartOf":{"@id":"https:\/\/www.trakai-visit.lt\/pl\/palac-w-zatroczu\/"},"author":{"name":"Trakai TVIC\/Tourism and Business Information","@id":"https:\/\/www.trakai-visit.lt\/pl\/#\/schema\/person\/31f5f8417f95aea577ab4638cf5ffb32"},"headline":"Pa\u0142ac w Zatroczu","datePublished":"2021-12-07T08:38:59+00:00","dateModified":"2025-06-02T11:38:46+00:00","mainEntityOfPage":{"@id":"https:\/\/www.trakai-visit.lt\/pl\/palac-w-zatroczu\/"},"wordCount":1109,"publisher":{"@id":"https:\/\/www.trakai-visit.lt\/pl\/#organization"},"articleSection":["Warto zwiedzi\u0107"],"inLanguage":"pl-PL"},{"@type":"WebPage","@id":"https:\/\/www.trakai-visit.lt\/pl\/palac-w-zatroczu\/","url":"https:\/\/www.trakai-visit.lt\/pl\/palac-w-zatroczu\/","name":"Pa\u0142ac w Zatroczu - Trakai","isPartOf":{"@id":"https:\/\/www.trakai-visit.lt\/pl\/#website"},"datePublished":"2021-12-07T08:38:59+00:00","dateModified":"2025-06-02T11:38:46+00:00","breadcrumb":{"@id":"https:\/\/www.trakai-visit.lt\/pl\/palac-w-zatroczu\/#breadcrumb"},"inLanguage":"pl-PL","potentialAction":[{"@type":"ReadAction","target":["https:\/\/www.trakai-visit.lt\/pl\/palac-w-zatroczu\/"]}]},{"@type":"BreadcrumbList","@id":"https:\/\/www.trakai-visit.lt\/pl\/palac-w-zatroczu\/#breadcrumb","itemListElement":[{"@type":"ListItem","position":1,"name":"Home","item":"https:\/\/www.trakai-visit.lt\/pl\/"},{"@type":"ListItem","position":2,"name":"Pa\u0142ac w Zatroczu"}]},{"@type":"WebSite","@id":"https:\/\/www.trakai-visit.lt\/pl\/#website","url":"https:\/\/www.trakai-visit.lt\/pl\/","name":"Trakai","description":"Trak\u0173 turizmo informacijos centras","publisher":{"@id":"https:\/\/www.trakai-visit.lt\/pl\/#organization"},"potentialAction":[{"@type":"SearchAction","target":{"@type":"EntryPoint","urlTemplate":"https:\/\/www.trakai-visit.lt\/pl\/?s={search_term_string}"},"query-input":{"@type":"PropertyValueSpecification","valueRequired":true,"valueName":"search_term_string"}}],"inLanguage":"pl-PL"},{"@type":"Organization","@id":"https:\/\/www.trakai-visit.lt\/pl\/#organization","name":"Trak\u0173 Turizmo Informacijos Centras","url":"https:\/\/www.trakai-visit.lt\/pl\/","logo":{"@type":"ImageObject","inLanguage":"pl-PL","@id":"https:\/\/www.trakai-visit.lt\/pl\/#\/schema\/logo\/image\/","url":"https:\/\/www.trakai-visit.lt\/wp-content\/uploads\/2018\/02\/logo-2.png","contentUrl":"https:\/\/www.trakai-visit.lt\/wp-content\/uploads\/2018\/02\/logo-2.png","width":194,"height":276,"caption":"Trak\u0173 Turizmo Informacijos Centras"},"image":{"@id":"https:\/\/www.trakai-visit.lt\/pl\/#\/schema\/logo\/image\/"},"sameAs":["https:\/\/www.facebook.com\/Trak\u0173-turizmo-informacijos-centras-164768010681450"]},{"@type":"Person","@id":"https:\/\/www.trakai-visit.lt\/pl\/#\/schema\/person\/31f5f8417f95aea577ab4638cf5ffb32","name":"Trakai TVIC\/Tourism and Business Information","url":"https:\/\/www.trakai-visit.lt\/pl\/author\/trakaitic\/"}]}},"_links":{"self":[{"href":"https:\/\/www.trakai-visit.lt\/pl\/wp-json\/wp\/v2\/posts\/31279","targetHints":{"allow":["GET"]}}],"collection":[{"href":"https:\/\/www.trakai-visit.lt\/pl\/wp-json\/wp\/v2\/posts"}],"about":[{"href":"https:\/\/www.trakai-visit.lt\/pl\/wp-json\/wp\/v2\/types\/post"}],"author":[{"embeddable":true,"href":"https:\/\/www.trakai-visit.lt\/pl\/wp-json\/wp\/v2\/users\/3"}],"replies":[{"embeddable":true,"href":"https:\/\/www.trakai-visit.lt\/pl\/wp-json\/wp\/v2\/comments?post=31279"}],"version-history":[{"count":0,"href":"https:\/\/www.trakai-visit.lt\/pl\/wp-json\/wp\/v2\/posts\/31279\/revisions"}],"wp:attachment":[{"href":"https:\/\/www.trakai-visit.lt\/pl\/wp-json\/wp\/v2\/media?parent=31279"}],"wp:term":[{"taxonomy":"category","embeddable":true,"href":"https:\/\/www.trakai-visit.lt\/pl\/wp-json\/wp\/v2\/categories?post=31279"},{"taxonomy":"post_tag","embeddable":true,"href":"https:\/\/www.trakai-visit.lt\/pl\/wp-json\/wp\/v2\/tags?post=31279"},{"taxonomy":"zemelapio-ikona","embeddable":true,"href":"https:\/\/www.trakai-visit.lt\/pl\/wp-json\/wp\/v2\/zemelapio-ikona?post=31279"}],"curies":[{"name":"wp","href":"https:\/\/api.w.org\/{rel}","templated":true}]}}