{"id":38625,"date":"2022-06-01T15:56:02","date_gmt":"2022-06-01T12:56:02","guid":{"rendered":"https:\/\/www.trakai-visit.lt\/?p=38625"},"modified":"2022-06-01T17:16:23","modified_gmt":"2022-06-01T14:16:23","slug":"wyspa-placzu-230-arow-i-walka-alka-340-arow","status":"publish","type":"post","link":"https:\/\/www.trakai-visit.lt\/pl\/wyspa-placzu-230-arow-i-walka-alka-340-arow\/","title":{"rendered":"Wyspa P\u0142aczu (230 ar\u00f3w) i Wa\u0142ka (A\u0142ka) (340 ar\u00f3w)"},"content":{"rendered":"\n<p>Prawie na \u015brodku jeziora Galwe s\u0105 dwie wyspy. Wyspa po\u0142o\u017cona w pobli\u017cu zamku zwana jest wysp\u0105 P\u0142aczu, druga \u2013 Wa\u0142ka. Na wysp\u0119 Wa\u0142ka za czas\u00f3w ksi\u0119cia Witolda wleczono skazanych na \u015bmier\u0107. Niekt\u00f3rzy skaza\u0144cy byli tu straceni, inni \u2013 za jeziorem na wzg\u00f3rzu o nazwie Rekalne t.z. ,,wzg\u00f3rze krzyku\u201c. W czasach p\u00f3\u017aniejszych na wyspie Wa\u0142ka karano ch\u0142op\u00f3w pa\u0144szczy\u017anianych. Wyspa P\u0142aczu oddalona od wyspy Wa\u0142ka o 15 metr\u00f3w. Z opowiada\u0144 wynika , \u017ce na wyspie P\u0142aczu gromadzili si\u0119 blizcy skaza\u0144c\u00f3w, kt\u00f3rym z daleka pozwalano zobaczy\u0107 bliskich oraz op\u0142akiwa\u0107 ich los.<\/p>\n\n\n\n<p>\u015awiadkowie m\u00f3wi\u0105, \u017ce jesieni\u0105 o p\u00f3\u0142nocy w ciszy mo\u017cna us\u0142ysze\u0107 przejmuj\u0105cy p\u0142acz na wyspie P\u0142aczu.<\/p>\n\n\n\n<p>Inna nazwa wyspy Wa\u0142ka wywodzi si\u0119 z tego, \u017ce na niej mieszka\u0144cy kosili traw\u0119 i nast\u0119pnie wlekli j\u0105 na brzeg.<\/p>\n\n\n\n<p>Foto:&nbsp;SilviaBalloons \/&nbsp;<a href=\"http:\/\/silviaballoons.lt\/\">silviaballoons.lt<\/a><\/p>\n","protected":false},"excerpt":{"rendered":"<p>Prawie na \u015brodku jeziora Galwe s\u0105 dwie wyspy. Wyspa po\u0142o\u017cona w pobli\u017cu zamku zwana jest wysp\u0105 P\u0142aczu, druga \u2013 Wa\u0142ka. Na wysp\u0119 Wa\u0142ka za czas\u00f3w ksi\u0119cia Witolda wleczono skazanych na \u015bmier\u0107. Niekt\u00f3rzy skaza\u0144cy byli tu straceni, inni \u2013 za jeziorem na wzg\u00f3rzu o nazwie Rekalne t.z. ,,wzg\u00f3rze krzyku\u201c. W czasach p\u00f3\u017aniejszych na wyspie Wa\u0142ka karano [&hellip;]<\/p>\n","protected":false},"author":3,"featured_media":0,"comment_status":"closed","ping_status":"closed","sticky":false,"template":"","format":"standard","meta":{"_acf_changed":false,"footnotes":""},"categories":[208],"tags":[],"zemelapio-ikona":[],"class_list":["post-38625","post","type-post","status-publish","format-standard","hentry","category-bez-kategorii"],"acf":[],"yoast_head":"<!-- This site is optimized with the Yoast SEO Premium plugin v23.8 (Yoast SEO v27.1.1) - https:\/\/yoast.com\/product\/yoast-seo-premium-wordpress\/ -->\n<title>Wyspa P\u0142aczu (230 ar\u00f3w) i Wa\u0142ka (A\u0142ka) (340 ar\u00f3w) - Trakai<\/title>\n<meta name=\"robots\" content=\"index, follow, max-snippet:-1, max-image-preview:large, max-video-preview:-1\" \/>\n<link rel=\"canonical\" href=\"https:\/\/www.trakai-visit.lt\/pl\/wyspa-placzu-230-arow-i-walka-alka-340-arow\/\" \/>\n<meta property=\"og:locale\" content=\"pl_PL\" \/>\n<meta property=\"og:type\" content=\"article\" \/>\n<meta property=\"og:title\" content=\"Wyspa P\u0142aczu (230 ar\u00f3w) i Wa\u0142ka (A\u0142ka) (340 ar\u00f3w)\" \/>\n<meta property=\"og:description\" content=\"Prawie na \u015brodku jeziora Galwe s\u0105 dwie wyspy. Wyspa po\u0142o\u017cona w pobli\u017cu zamku zwana jest wysp\u0105 P\u0142aczu, druga \u2013 Wa\u0142ka. Na wysp\u0119 Wa\u0142ka za czas\u00f3w ksi\u0119cia Witolda wleczono skazanych na \u015bmier\u0107. Niekt\u00f3rzy skaza\u0144cy byli tu straceni, inni \u2013 za jeziorem na wzg\u00f3rzu o nazwie Rekalne t.z. ,,wzg\u00f3rze krzyku\u201c. W czasach p\u00f3\u017aniejszych na wyspie Wa\u0142ka karano [&hellip;]\" \/>\n<meta property=\"og:url\" content=\"https:\/\/www.trakai-visit.lt\/pl\/wyspa-placzu-230-arow-i-walka-alka-340-arow\/\" \/>\n<meta property=\"og:site_name\" content=\"Trakai\" \/>\n<meta property=\"article:publisher\" content=\"https:\/\/www.facebook.com\/Trak%c5%b3-turizmo-informacijos-centras-164768010681450\" \/>\n<meta property=\"article:published_time\" content=\"2022-06-01T12:56:02+00:00\" \/>\n<meta property=\"article:modified_time\" content=\"2022-06-01T14:16:23+00:00\" \/>\n<meta name=\"author\" content=\"Trakai TVIC\/Tourism and Business Information\" \/>\n<meta name=\"twitter:card\" content=\"summary_large_image\" \/>\n<meta name=\"twitter:label1\" content=\"Napisane przez\" \/>\n\t<meta name=\"twitter:data1\" content=\"Trakai TVIC\/Tourism and Business Information\" \/>\n\t<meta name=\"twitter:label2\" content=\"Szacowany czas czytania\" \/>\n\t<meta name=\"twitter:data2\" content=\"1 minuta\" \/>\n<script type=\"application\/ld+json\" class=\"yoast-schema-graph\">{\"@context\":\"https:\/\/schema.org\",\"@graph\":[{\"@type\":\"Article\",\"@id\":\"https:\/\/www.trakai-visit.lt\/pl\/wyspa-placzu-230-arow-i-walka-alka-340-arow\/#article\",\"isPartOf\":{\"@id\":\"https:\/\/www.trakai-visit.lt\/pl\/wyspa-placzu-230-arow-i-walka-alka-340-arow\/\"},\"author\":{\"name\":\"Trakai TVIC\/Tourism and Business Information\",\"@id\":\"https:\/\/www.trakai-visit.lt\/pl\/#\/schema\/person\/31f5f8417f95aea577ab4638cf5ffb32\"},\"headline\":\"Wyspa P\u0142aczu (230 ar\u00f3w) i Wa\u0142ka (A\u0142ka) (340 ar\u00f3w)\",\"datePublished\":\"2022-06-01T12:56:02+00:00\",\"dateModified\":\"2022-06-01T14:16:23+00:00\",\"mainEntityOfPage\":{\"@id\":\"https:\/\/www.trakai-visit.lt\/pl\/wyspa-placzu-230-arow-i-walka-alka-340-arow\/\"},\"wordCount\":174,\"publisher\":{\"@id\":\"https:\/\/www.trakai-visit.lt\/pl\/#organization\"},\"inLanguage\":\"pl-PL\"},{\"@type\":\"WebPage\",\"@id\":\"https:\/\/www.trakai-visit.lt\/pl\/wyspa-placzu-230-arow-i-walka-alka-340-arow\/\",\"url\":\"https:\/\/www.trakai-visit.lt\/pl\/wyspa-placzu-230-arow-i-walka-alka-340-arow\/\",\"name\":\"Wyspa P\u0142aczu (230 ar\u00f3w) i Wa\u0142ka (A\u0142ka) (340 ar\u00f3w) - Trakai\",\"isPartOf\":{\"@id\":\"https:\/\/www.trakai-visit.lt\/pl\/#website\"},\"datePublished\":\"2022-06-01T12:56:02+00:00\",\"dateModified\":\"2022-06-01T14:16:23+00:00\",\"breadcrumb\":{\"@id\":\"https:\/\/www.trakai-visit.lt\/pl\/wyspa-placzu-230-arow-i-walka-alka-340-arow\/#breadcrumb\"},\"inLanguage\":\"pl-PL\",\"potentialAction\":[{\"@type\":\"ReadAction\",\"target\":[\"https:\/\/www.trakai-visit.lt\/pl\/wyspa-placzu-230-arow-i-walka-alka-340-arow\/\"]}]},{\"@type\":\"BreadcrumbList\",\"@id\":\"https:\/\/www.trakai-visit.lt\/pl\/wyspa-placzu-230-arow-i-walka-alka-340-arow\/#breadcrumb\",\"itemListElement\":[{\"@type\":\"ListItem\",\"position\":1,\"name\":\"Home\",\"item\":\"https:\/\/www.trakai-visit.lt\/pl\/\"},{\"@type\":\"ListItem\",\"position\":2,\"name\":\"Wyspa P\u0142aczu (230 ar\u00f3w) i Wa\u0142ka (A\u0142ka) (340 ar\u00f3w)\"}]},{\"@type\":\"WebSite\",\"@id\":\"https:\/\/www.trakai-visit.lt\/pl\/#website\",\"url\":\"https:\/\/www.trakai-visit.lt\/pl\/\",\"name\":\"Trakai\",\"description\":\"Trak\u0173 turizmo informacijos centras\",\"publisher\":{\"@id\":\"https:\/\/www.trakai-visit.lt\/pl\/#organization\"},\"potentialAction\":[{\"@type\":\"SearchAction\",\"target\":{\"@type\":\"EntryPoint\",\"urlTemplate\":\"https:\/\/www.trakai-visit.lt\/pl\/?s={search_term_string}\"},\"query-input\":{\"@type\":\"PropertyValueSpecification\",\"valueRequired\":true,\"valueName\":\"search_term_string\"}}],\"inLanguage\":\"pl-PL\"},{\"@type\":\"Organization\",\"@id\":\"https:\/\/www.trakai-visit.lt\/pl\/#organization\",\"name\":\"Trak\u0173 Turizmo Informacijos Centras\",\"url\":\"https:\/\/www.trakai-visit.lt\/pl\/\",\"logo\":{\"@type\":\"ImageObject\",\"inLanguage\":\"pl-PL\",\"@id\":\"https:\/\/www.trakai-visit.lt\/pl\/#\/schema\/logo\/image\/\",\"url\":\"https:\/\/www.trakai-visit.lt\/wp-content\/uploads\/2018\/02\/logo-2.png\",\"contentUrl\":\"https:\/\/www.trakai-visit.lt\/wp-content\/uploads\/2018\/02\/logo-2.png\",\"width\":194,\"height\":276,\"caption\":\"Trak\u0173 Turizmo Informacijos Centras\"},\"image\":{\"@id\":\"https:\/\/www.trakai-visit.lt\/pl\/#\/schema\/logo\/image\/\"},\"sameAs\":[\"https:\/\/www.facebook.com\/Trak\u0173-turizmo-informacijos-centras-164768010681450\"]},{\"@type\":\"Person\",\"@id\":\"https:\/\/www.trakai-visit.lt\/pl\/#\/schema\/person\/31f5f8417f95aea577ab4638cf5ffb32\",\"name\":\"Trakai TVIC\/Tourism and Business Information\",\"url\":\"https:\/\/www.trakai-visit.lt\/pl\/author\/trakaitic\/\"}]}<\/script>\n<!-- \/ Yoast SEO Premium plugin. -->","yoast_head_json":{"title":"Wyspa P\u0142aczu (230 ar\u00f3w) i Wa\u0142ka (A\u0142ka) (340 ar\u00f3w) - Trakai","robots":{"index":"index","follow":"follow","max-snippet":"max-snippet:-1","max-image-preview":"max-image-preview:large","max-video-preview":"max-video-preview:-1"},"canonical":"https:\/\/www.trakai-visit.lt\/pl\/wyspa-placzu-230-arow-i-walka-alka-340-arow\/","og_locale":"pl_PL","og_type":"article","og_title":"Wyspa P\u0142aczu (230 ar\u00f3w) i Wa\u0142ka (A\u0142ka) (340 ar\u00f3w)","og_description":"Prawie na \u015brodku jeziora Galwe s\u0105 dwie wyspy. Wyspa po\u0142o\u017cona w pobli\u017cu zamku zwana jest wysp\u0105 P\u0142aczu, druga \u2013 Wa\u0142ka. Na wysp\u0119 Wa\u0142ka za czas\u00f3w ksi\u0119cia Witolda wleczono skazanych na \u015bmier\u0107. Niekt\u00f3rzy skaza\u0144cy byli tu straceni, inni \u2013 za jeziorem na wzg\u00f3rzu o nazwie Rekalne t.z. ,,wzg\u00f3rze krzyku\u201c. W czasach p\u00f3\u017aniejszych na wyspie Wa\u0142ka karano [&hellip;]","og_url":"https:\/\/www.trakai-visit.lt\/pl\/wyspa-placzu-230-arow-i-walka-alka-340-arow\/","og_site_name":"Trakai","article_publisher":"https:\/\/www.facebook.com\/Trak%c5%b3-turizmo-informacijos-centras-164768010681450","article_published_time":"2022-06-01T12:56:02+00:00","article_modified_time":"2022-06-01T14:16:23+00:00","author":"Trakai TVIC\/Tourism and Business Information","twitter_card":"summary_large_image","twitter_misc":{"Napisane przez":"Trakai TVIC\/Tourism and Business Information","Szacowany czas czytania":"1 minuta"},"schema":{"@context":"https:\/\/schema.org","@graph":[{"@type":"Article","@id":"https:\/\/www.trakai-visit.lt\/pl\/wyspa-placzu-230-arow-i-walka-alka-340-arow\/#article","isPartOf":{"@id":"https:\/\/www.trakai-visit.lt\/pl\/wyspa-placzu-230-arow-i-walka-alka-340-arow\/"},"author":{"name":"Trakai TVIC\/Tourism and Business Information","@id":"https:\/\/www.trakai-visit.lt\/pl\/#\/schema\/person\/31f5f8417f95aea577ab4638cf5ffb32"},"headline":"Wyspa P\u0142aczu (230 ar\u00f3w) i Wa\u0142ka (A\u0142ka) (340 ar\u00f3w)","datePublished":"2022-06-01T12:56:02+00:00","dateModified":"2022-06-01T14:16:23+00:00","mainEntityOfPage":{"@id":"https:\/\/www.trakai-visit.lt\/pl\/wyspa-placzu-230-arow-i-walka-alka-340-arow\/"},"wordCount":174,"publisher":{"@id":"https:\/\/www.trakai-visit.lt\/pl\/#organization"},"inLanguage":"pl-PL"},{"@type":"WebPage","@id":"https:\/\/www.trakai-visit.lt\/pl\/wyspa-placzu-230-arow-i-walka-alka-340-arow\/","url":"https:\/\/www.trakai-visit.lt\/pl\/wyspa-placzu-230-arow-i-walka-alka-340-arow\/","name":"Wyspa P\u0142aczu (230 ar\u00f3w) i Wa\u0142ka (A\u0142ka) (340 ar\u00f3w) - Trakai","isPartOf":{"@id":"https:\/\/www.trakai-visit.lt\/pl\/#website"},"datePublished":"2022-06-01T12:56:02+00:00","dateModified":"2022-06-01T14:16:23+00:00","breadcrumb":{"@id":"https:\/\/www.trakai-visit.lt\/pl\/wyspa-placzu-230-arow-i-walka-alka-340-arow\/#breadcrumb"},"inLanguage":"pl-PL","potentialAction":[{"@type":"ReadAction","target":["https:\/\/www.trakai-visit.lt\/pl\/wyspa-placzu-230-arow-i-walka-alka-340-arow\/"]}]},{"@type":"BreadcrumbList","@id":"https:\/\/www.trakai-visit.lt\/pl\/wyspa-placzu-230-arow-i-walka-alka-340-arow\/#breadcrumb","itemListElement":[{"@type":"ListItem","position":1,"name":"Home","item":"https:\/\/www.trakai-visit.lt\/pl\/"},{"@type":"ListItem","position":2,"name":"Wyspa P\u0142aczu (230 ar\u00f3w) i Wa\u0142ka (A\u0142ka) (340 ar\u00f3w)"}]},{"@type":"WebSite","@id":"https:\/\/www.trakai-visit.lt\/pl\/#website","url":"https:\/\/www.trakai-visit.lt\/pl\/","name":"Trakai","description":"Trak\u0173 turizmo informacijos centras","publisher":{"@id":"https:\/\/www.trakai-visit.lt\/pl\/#organization"},"potentialAction":[{"@type":"SearchAction","target":{"@type":"EntryPoint","urlTemplate":"https:\/\/www.trakai-visit.lt\/pl\/?s={search_term_string}"},"query-input":{"@type":"PropertyValueSpecification","valueRequired":true,"valueName":"search_term_string"}}],"inLanguage":"pl-PL"},{"@type":"Organization","@id":"https:\/\/www.trakai-visit.lt\/pl\/#organization","name":"Trak\u0173 Turizmo Informacijos Centras","url":"https:\/\/www.trakai-visit.lt\/pl\/","logo":{"@type":"ImageObject","inLanguage":"pl-PL","@id":"https:\/\/www.trakai-visit.lt\/pl\/#\/schema\/logo\/image\/","url":"https:\/\/www.trakai-visit.lt\/wp-content\/uploads\/2018\/02\/logo-2.png","contentUrl":"https:\/\/www.trakai-visit.lt\/wp-content\/uploads\/2018\/02\/logo-2.png","width":194,"height":276,"caption":"Trak\u0173 Turizmo Informacijos Centras"},"image":{"@id":"https:\/\/www.trakai-visit.lt\/pl\/#\/schema\/logo\/image\/"},"sameAs":["https:\/\/www.facebook.com\/Trak\u0173-turizmo-informacijos-centras-164768010681450"]},{"@type":"Person","@id":"https:\/\/www.trakai-visit.lt\/pl\/#\/schema\/person\/31f5f8417f95aea577ab4638cf5ffb32","name":"Trakai TVIC\/Tourism and Business Information","url":"https:\/\/www.trakai-visit.lt\/pl\/author\/trakaitic\/"}]}},"_links":{"self":[{"href":"https:\/\/www.trakai-visit.lt\/pl\/wp-json\/wp\/v2\/posts\/38625","targetHints":{"allow":["GET"]}}],"collection":[{"href":"https:\/\/www.trakai-visit.lt\/pl\/wp-json\/wp\/v2\/posts"}],"about":[{"href":"https:\/\/www.trakai-visit.lt\/pl\/wp-json\/wp\/v2\/types\/post"}],"author":[{"embeddable":true,"href":"https:\/\/www.trakai-visit.lt\/pl\/wp-json\/wp\/v2\/users\/3"}],"replies":[{"embeddable":true,"href":"https:\/\/www.trakai-visit.lt\/pl\/wp-json\/wp\/v2\/comments?post=38625"}],"version-history":[{"count":0,"href":"https:\/\/www.trakai-visit.lt\/pl\/wp-json\/wp\/v2\/posts\/38625\/revisions"}],"wp:attachment":[{"href":"https:\/\/www.trakai-visit.lt\/pl\/wp-json\/wp\/v2\/media?parent=38625"}],"wp:term":[{"taxonomy":"category","embeddable":true,"href":"https:\/\/www.trakai-visit.lt\/pl\/wp-json\/wp\/v2\/categories?post=38625"},{"taxonomy":"post_tag","embeddable":true,"href":"https:\/\/www.trakai-visit.lt\/pl\/wp-json\/wp\/v2\/tags?post=38625"},{"taxonomy":"zemelapio-ikona","embeddable":true,"href":"https:\/\/www.trakai-visit.lt\/pl\/wp-json\/wp\/v2\/zemelapio-ikona?post=38625"}],"curies":[{"name":"wp","href":"https:\/\/api.w.org\/{rel}","templated":true}]}}