{"id":38799,"date":"2022-06-10T09:44:27","date_gmt":"2022-06-10T06:44:27","guid":{"rendered":"https:\/\/www.trakai-visit.lt\/?p=38799"},"modified":"2022-06-10T12:01:44","modified_gmt":"2022-06-10T09:01:44","slug":"freski-a-w-zamku-w-trokach","status":"publish","type":"post","link":"https:\/\/www.trakai-visit.lt\/pl\/freski-a-w-zamku-w-trokach\/","title":{"rendered":"Freski zamku w Trokach"},"content":{"rendered":"\n<p>Unikatowy krajobraz Trok jest usiany jeziorami i udekorowany \u015bredniowieczn\u0105 budowl\u0105. Kompleks zamk\u00f3w zosta\u0142 podniesiony z ruin. Zamek w Starych Trokach, Zamek na P\u00f3\u0142wyspie w Trokach &nbsp;oraz Zamek na Wyspie \u2013 to wizyt\u00f3wka kraju, od\u017awierciadlaj\u0105ca narodowe dziedzictwo architektury oraz duchowe Litwy. W czasie tworzenia si\u0119 pa\u0144stwa Litewskiego Troki by\u0142y jednym z najwa\u017cniejszych miast pod wzgl\u0119dem politycznym i wojskowym.<\/p>\n\n\n\n<p>W XIV \u2013 XV w. na jednej z wysp na jeziorze Galwe zbudowano zamek, miejsce dogodne strategicznie, zamek ze wszystkich stron otacza\u0142a woda. Interesuj\u0105ce jest to, \u017ce podczas budowy zamku poziom wody w jeziorze by\u0142 prawie o 2 metry wy\u017cszy ni\u017c obecnie! Wysp\u0119, na kt\u00f3rej jest zbudowany zamek , w dawnych czasach tworzy\u0142y trzy ma\u0142e wysepki.<\/p>\n\n\n\n<p>Budow\u0119 Zamku na Wyspie rozpocz\u0105\u0142 ksi\u0105\u017c\u0119 Kiejstut, a zako\u0144czy\u0142 jego syn Witold. Pocz\u0105tkowy plan zamku zosta\u0142 zmieniony, zmodernizowany. Zbudowano now\u0105 twierdz\u0119 z cegie\u0142 w gotyckim stylu, w spos\u00f3b oryginalny po\u0142\u0105czono obronne oraz reprezantacyjne przeznaczenie. Od 1409 r. Witold do Trok przeni\u00f3s\u0142 stolic\u0119 Litwy, tutaj przechowywana by\u0142a Metryka Litwy oraz skarbiec pa\u0144stwa. W tym zamku 27 pa\u017adziernika 1430 r. Witold zamar\u0142.<\/p>\n\n\n\n<p>Budowla wyr\u00f3\u017cnia si\u0119 pow\u015bci\u0105gliw\u0105 wspania\u0142o\u015bci\u0105, wyra\u017caj\u0105c\u0105 najbardziej post\u0119powe idee budowy fortyfikacji w XV w. &nbsp;Zamek jest uwa\u017cany jako arcydzielo architektury obronnej, jedyny zamek na wodzie w Europie Wschodniej.<\/p>\n\n\n\n<p>Wszyscy ksi\u0105\u017c\u0119ta Wielkiego Ksi\u0119stwa Litewskiego mieszkali w Zamku na Wyspie w Trokach. Zygmunt August post\u0105pi\u0142 wbrew tradycji &#8211; &nbsp;zbudowa\u0142 pa\u0142ac w Wilnie u podn\u00f3\u017ca wzg\u00f3rza Gedymina.<\/p>\n\n\n\n<p>Udowodniono, \u017ce \u015bciany w komnatach w Zamku na Wyspie w Trokach by\u0142y udekorowane freskami w gotyckim stylu. Szczeg\u00f3lnym przepychem wyr\u00f3\u017cnia\u0142a si\u0119 sala reprezentacyjna, na \u015bcianach oraz w niszach okien by\u0142y freski wykonane technik\u0105 fresco secco, styl charakterystyczny bizantyjskiej prowincionalnej szkole pocz. XV w. Wykonane by\u0142y ornamenty, kompozycje o tematyce \u015bwieckiej, w wi\u0119kszo\u015bci panegiryk Wielkiemu Ksi\u0119ciu Litwy Witoldowi oraz jego otoczeniu. Polichromi\u0105 by\u0142o ozdobione nie tylko wn\u0119trze zamku, lecz te\u017c fasada. Niestety, o malarstwie na \u015bcianach w zamku mo\u017cna s\u0105dzi\u0107 \u00a0tylko z akwareli malarzy XIX w. Jednym z przyklad\u00f3w\u00a0 jest akwarela \u00a0rosyjskiego artysty W. Griaznowa, wykonana w 1865 r. <\/p>\n\n\n\n<p>Audiogid:\u00a0\u00a0<a href=\"https:\/\/bit.ly\/3MCN1zM\" target=\"_blank\" rel=\"noreferrer noopener\">https:\/\/bit.ly\/3MCN1zM\u00a0\u00a0\u00a0<\/a>\u00a0\u00a0\u00a0\u00a0\u00a0\u00a0\u00a0\u00a0\u00a0\u00a0\u00a0<\/p>\n\n\n\n<figure class=\"wp-block-image size-large\"><img loading=\"lazy\" decoding=\"async\" width=\"672\" height=\"1024\" src=\"https:\/\/www.trakai-visit.lt\/wp-content\/uploads\/2021\/04\/freskos-672x1024.jpg\" alt=\"\" class=\"wp-image-23867\" srcset=\"https:\/\/www.trakai-visit.lt\/wp-content\/uploads\/2021\/04\/freskos-672x1024.jpg 672w, https:\/\/www.trakai-visit.lt\/wp-content\/uploads\/2021\/04\/freskos-197x300.jpg 197w, https:\/\/www.trakai-visit.lt\/wp-content\/uploads\/2021\/04\/freskos-768x1171.jpg 768w, https:\/\/www.trakai-visit.lt\/wp-content\/uploads\/2021\/04\/freskos-1008x1536.jpg 1008w, https:\/\/www.trakai-visit.lt\/wp-content\/uploads\/2021\/04\/freskos.jpg 1322w\" sizes=\"auto, (max-width: 672px) 100vw, 672px\" \/><\/figure>\n","protected":false},"excerpt":{"rendered":"<p>Unikatowy krajobraz Trok jest usiany jeziorami i udekorowany \u015bredniowieczn\u0105 budowl\u0105. Kompleks zamk\u00f3w zosta\u0142 podniesiony z ruin. Zamek w Starych Trokach, Zamek na P\u00f3\u0142wyspie w Trokach &nbsp;oraz Zamek na Wyspie \u2013 to wizyt\u00f3wka kraju, od\u017awierciadlaj\u0105ca narodowe dziedzictwo architektury oraz duchowe Litwy. W czasie tworzenia si\u0119 pa\u0144stwa Litewskiego Troki by\u0142y jednym z najwa\u017cniejszych miast pod wzgl\u0119dem politycznym [&hellip;]<\/p>\n","protected":false},"author":3,"featured_media":0,"comment_status":"closed","ping_status":"closed","sticky":false,"template":"","format":"standard","meta":{"_acf_changed":false,"footnotes":""},"categories":[208],"tags":[],"zemelapio-ikona":[],"class_list":["post-38799","post","type-post","status-publish","format-standard","hentry","category-bez-kategorii"],"acf":[],"yoast_head":"<!-- This site is optimized with the Yoast SEO Premium plugin v23.8 (Yoast SEO v27.1.1) - https:\/\/yoast.com\/product\/yoast-seo-premium-wordpress\/ -->\n<title>Freski zamku w Trokach - Trakai<\/title>\n<meta name=\"robots\" content=\"index, follow, max-snippet:-1, max-image-preview:large, max-video-preview:-1\" \/>\n<link rel=\"canonical\" href=\"https:\/\/www.trakai-visit.lt\/pl\/freski-a-w-zamku-w-trokach\/\" \/>\n<meta property=\"og:locale\" content=\"pl_PL\" \/>\n<meta property=\"og:type\" content=\"article\" \/>\n<meta property=\"og:title\" content=\"Freski zamku w Trokach\" \/>\n<meta property=\"og:description\" content=\"Unikatowy krajobraz Trok jest usiany jeziorami i udekorowany \u015bredniowieczn\u0105 budowl\u0105. Kompleks zamk\u00f3w zosta\u0142 podniesiony z ruin. Zamek w Starych Trokach, Zamek na P\u00f3\u0142wyspie w Trokach &nbsp;oraz Zamek na Wyspie \u2013 to wizyt\u00f3wka kraju, od\u017awierciadlaj\u0105ca narodowe dziedzictwo architektury oraz duchowe Litwy. W czasie tworzenia si\u0119 pa\u0144stwa Litewskiego Troki by\u0142y jednym z najwa\u017cniejszych miast pod wzgl\u0119dem politycznym [&hellip;]\" \/>\n<meta property=\"og:url\" content=\"https:\/\/www.trakai-visit.lt\/pl\/freski-a-w-zamku-w-trokach\/\" \/>\n<meta property=\"og:site_name\" content=\"Trakai\" \/>\n<meta property=\"article:publisher\" content=\"https:\/\/www.facebook.com\/Trak%c5%b3-turizmo-informacijos-centras-164768010681450\" \/>\n<meta property=\"article:published_time\" content=\"2022-06-10T06:44:27+00:00\" \/>\n<meta property=\"article:modified_time\" content=\"2022-06-10T09:01:44+00:00\" \/>\n<meta property=\"og:image\" content=\"https:\/\/www.trakai-visit.lt\/wp-content\/uploads\/2021\/04\/freskos-672x1024.jpg\" \/>\n<meta name=\"author\" content=\"Trakai TVIC\/Tourism and Business Information\" \/>\n<meta name=\"twitter:card\" content=\"summary_large_image\" \/>\n<meta name=\"twitter:label1\" content=\"Napisane przez\" \/>\n\t<meta name=\"twitter:data1\" content=\"Trakai TVIC\/Tourism and Business Information\" \/>\n\t<meta name=\"twitter:label2\" content=\"Szacowany czas czytania\" \/>\n\t<meta name=\"twitter:data2\" content=\"2 minuty\" \/>\n<script type=\"application\/ld+json\" class=\"yoast-schema-graph\">{\"@context\":\"https:\/\/schema.org\",\"@graph\":[{\"@type\":\"Article\",\"@id\":\"https:\/\/www.trakai-visit.lt\/pl\/freski-a-w-zamku-w-trokach\/#article\",\"isPartOf\":{\"@id\":\"https:\/\/www.trakai-visit.lt\/pl\/freski-a-w-zamku-w-trokach\/\"},\"author\":{\"name\":\"Trakai TVIC\/Tourism and Business Information\",\"@id\":\"https:\/\/www.trakai-visit.lt\/pl\/#\/schema\/person\/31f5f8417f95aea577ab4638cf5ffb32\"},\"headline\":\"Freski zamku w Trokach\",\"datePublished\":\"2022-06-10T06:44:27+00:00\",\"dateModified\":\"2022-06-10T09:01:44+00:00\",\"mainEntityOfPage\":{\"@id\":\"https:\/\/www.trakai-visit.lt\/pl\/freski-a-w-zamku-w-trokach\/\"},\"wordCount\":382,\"publisher\":{\"@id\":\"https:\/\/www.trakai-visit.lt\/pl\/#organization\"},\"image\":{\"@id\":\"https:\/\/www.trakai-visit.lt\/pl\/freski-a-w-zamku-w-trokach\/#primaryimage\"},\"thumbnailUrl\":\"https:\/\/www.trakai-visit.lt\/wp-content\/uploads\/2021\/04\/freskos-672x1024.jpg\",\"inLanguage\":\"pl-PL\"},{\"@type\":\"WebPage\",\"@id\":\"https:\/\/www.trakai-visit.lt\/pl\/freski-a-w-zamku-w-trokach\/\",\"url\":\"https:\/\/www.trakai-visit.lt\/pl\/freski-a-w-zamku-w-trokach\/\",\"name\":\"Freski zamku w Trokach - Trakai\",\"isPartOf\":{\"@id\":\"https:\/\/www.trakai-visit.lt\/pl\/#website\"},\"primaryImageOfPage\":{\"@id\":\"https:\/\/www.trakai-visit.lt\/pl\/freski-a-w-zamku-w-trokach\/#primaryimage\"},\"image\":{\"@id\":\"https:\/\/www.trakai-visit.lt\/pl\/freski-a-w-zamku-w-trokach\/#primaryimage\"},\"thumbnailUrl\":\"https:\/\/www.trakai-visit.lt\/wp-content\/uploads\/2021\/04\/freskos-672x1024.jpg\",\"datePublished\":\"2022-06-10T06:44:27+00:00\",\"dateModified\":\"2022-06-10T09:01:44+00:00\",\"breadcrumb\":{\"@id\":\"https:\/\/www.trakai-visit.lt\/pl\/freski-a-w-zamku-w-trokach\/#breadcrumb\"},\"inLanguage\":\"pl-PL\",\"potentialAction\":[{\"@type\":\"ReadAction\",\"target\":[\"https:\/\/www.trakai-visit.lt\/pl\/freski-a-w-zamku-w-trokach\/\"]}]},{\"@type\":\"ImageObject\",\"inLanguage\":\"pl-PL\",\"@id\":\"https:\/\/www.trakai-visit.lt\/pl\/freski-a-w-zamku-w-trokach\/#primaryimage\",\"url\":\"https:\/\/www.trakai-visit.lt\/wp-content\/uploads\/2021\/04\/freskos-672x1024.jpg\",\"contentUrl\":\"https:\/\/www.trakai-visit.lt\/wp-content\/uploads\/2021\/04\/freskos-672x1024.jpg\"},{\"@type\":\"BreadcrumbList\",\"@id\":\"https:\/\/www.trakai-visit.lt\/pl\/freski-a-w-zamku-w-trokach\/#breadcrumb\",\"itemListElement\":[{\"@type\":\"ListItem\",\"position\":1,\"name\":\"Home\",\"item\":\"https:\/\/www.trakai-visit.lt\/pl\/\"},{\"@type\":\"ListItem\",\"position\":2,\"name\":\"Freski zamku w Trokach\"}]},{\"@type\":\"WebSite\",\"@id\":\"https:\/\/www.trakai-visit.lt\/pl\/#website\",\"url\":\"https:\/\/www.trakai-visit.lt\/pl\/\",\"name\":\"Trakai\",\"description\":\"Trak\u0173 turizmo informacijos centras\",\"publisher\":{\"@id\":\"https:\/\/www.trakai-visit.lt\/pl\/#organization\"},\"potentialAction\":[{\"@type\":\"SearchAction\",\"target\":{\"@type\":\"EntryPoint\",\"urlTemplate\":\"https:\/\/www.trakai-visit.lt\/pl\/?s={search_term_string}\"},\"query-input\":{\"@type\":\"PropertyValueSpecification\",\"valueRequired\":true,\"valueName\":\"search_term_string\"}}],\"inLanguage\":\"pl-PL\"},{\"@type\":\"Organization\",\"@id\":\"https:\/\/www.trakai-visit.lt\/pl\/#organization\",\"name\":\"Trak\u0173 Turizmo Informacijos Centras\",\"url\":\"https:\/\/www.trakai-visit.lt\/pl\/\",\"logo\":{\"@type\":\"ImageObject\",\"inLanguage\":\"pl-PL\",\"@id\":\"https:\/\/www.trakai-visit.lt\/pl\/#\/schema\/logo\/image\/\",\"url\":\"https:\/\/www.trakai-visit.lt\/wp-content\/uploads\/2018\/02\/logo-2.png\",\"contentUrl\":\"https:\/\/www.trakai-visit.lt\/wp-content\/uploads\/2018\/02\/logo-2.png\",\"width\":194,\"height\":276,\"caption\":\"Trak\u0173 Turizmo Informacijos Centras\"},\"image\":{\"@id\":\"https:\/\/www.trakai-visit.lt\/pl\/#\/schema\/logo\/image\/\"},\"sameAs\":[\"https:\/\/www.facebook.com\/Trak\u0173-turizmo-informacijos-centras-164768010681450\"]},{\"@type\":\"Person\",\"@id\":\"https:\/\/www.trakai-visit.lt\/pl\/#\/schema\/person\/31f5f8417f95aea577ab4638cf5ffb32\",\"name\":\"Trakai TVIC\/Tourism and Business Information\",\"url\":\"https:\/\/www.trakai-visit.lt\/pl\/author\/trakaitic\/\"}]}<\/script>\n<!-- \/ Yoast SEO Premium plugin. -->","yoast_head_json":{"title":"Freski zamku w Trokach - Trakai","robots":{"index":"index","follow":"follow","max-snippet":"max-snippet:-1","max-image-preview":"max-image-preview:large","max-video-preview":"max-video-preview:-1"},"canonical":"https:\/\/www.trakai-visit.lt\/pl\/freski-a-w-zamku-w-trokach\/","og_locale":"pl_PL","og_type":"article","og_title":"Freski zamku w Trokach","og_description":"Unikatowy krajobraz Trok jest usiany jeziorami i udekorowany \u015bredniowieczn\u0105 budowl\u0105. Kompleks zamk\u00f3w zosta\u0142 podniesiony z ruin. Zamek w Starych Trokach, Zamek na P\u00f3\u0142wyspie w Trokach &nbsp;oraz Zamek na Wyspie \u2013 to wizyt\u00f3wka kraju, od\u017awierciadlaj\u0105ca narodowe dziedzictwo architektury oraz duchowe Litwy. W czasie tworzenia si\u0119 pa\u0144stwa Litewskiego Troki by\u0142y jednym z najwa\u017cniejszych miast pod wzgl\u0119dem politycznym [&hellip;]","og_url":"https:\/\/www.trakai-visit.lt\/pl\/freski-a-w-zamku-w-trokach\/","og_site_name":"Trakai","article_publisher":"https:\/\/www.facebook.com\/Trak%c5%b3-turizmo-informacijos-centras-164768010681450","article_published_time":"2022-06-10T06:44:27+00:00","article_modified_time":"2022-06-10T09:01:44+00:00","og_image":[{"url":"https:\/\/www.trakai-visit.lt\/wp-content\/uploads\/2021\/04\/freskos-672x1024.jpg","type":"","width":"","height":""}],"author":"Trakai TVIC\/Tourism and Business Information","twitter_card":"summary_large_image","twitter_misc":{"Napisane przez":"Trakai TVIC\/Tourism and Business Information","Szacowany czas czytania":"2 minuty"},"schema":{"@context":"https:\/\/schema.org","@graph":[{"@type":"Article","@id":"https:\/\/www.trakai-visit.lt\/pl\/freski-a-w-zamku-w-trokach\/#article","isPartOf":{"@id":"https:\/\/www.trakai-visit.lt\/pl\/freski-a-w-zamku-w-trokach\/"},"author":{"name":"Trakai TVIC\/Tourism and Business Information","@id":"https:\/\/www.trakai-visit.lt\/pl\/#\/schema\/person\/31f5f8417f95aea577ab4638cf5ffb32"},"headline":"Freski zamku w Trokach","datePublished":"2022-06-10T06:44:27+00:00","dateModified":"2022-06-10T09:01:44+00:00","mainEntityOfPage":{"@id":"https:\/\/www.trakai-visit.lt\/pl\/freski-a-w-zamku-w-trokach\/"},"wordCount":382,"publisher":{"@id":"https:\/\/www.trakai-visit.lt\/pl\/#organization"},"image":{"@id":"https:\/\/www.trakai-visit.lt\/pl\/freski-a-w-zamku-w-trokach\/#primaryimage"},"thumbnailUrl":"https:\/\/www.trakai-visit.lt\/wp-content\/uploads\/2021\/04\/freskos-672x1024.jpg","inLanguage":"pl-PL"},{"@type":"WebPage","@id":"https:\/\/www.trakai-visit.lt\/pl\/freski-a-w-zamku-w-trokach\/","url":"https:\/\/www.trakai-visit.lt\/pl\/freski-a-w-zamku-w-trokach\/","name":"Freski zamku w Trokach - Trakai","isPartOf":{"@id":"https:\/\/www.trakai-visit.lt\/pl\/#website"},"primaryImageOfPage":{"@id":"https:\/\/www.trakai-visit.lt\/pl\/freski-a-w-zamku-w-trokach\/#primaryimage"},"image":{"@id":"https:\/\/www.trakai-visit.lt\/pl\/freski-a-w-zamku-w-trokach\/#primaryimage"},"thumbnailUrl":"https:\/\/www.trakai-visit.lt\/wp-content\/uploads\/2021\/04\/freskos-672x1024.jpg","datePublished":"2022-06-10T06:44:27+00:00","dateModified":"2022-06-10T09:01:44+00:00","breadcrumb":{"@id":"https:\/\/www.trakai-visit.lt\/pl\/freski-a-w-zamku-w-trokach\/#breadcrumb"},"inLanguage":"pl-PL","potentialAction":[{"@type":"ReadAction","target":["https:\/\/www.trakai-visit.lt\/pl\/freski-a-w-zamku-w-trokach\/"]}]},{"@type":"ImageObject","inLanguage":"pl-PL","@id":"https:\/\/www.trakai-visit.lt\/pl\/freski-a-w-zamku-w-trokach\/#primaryimage","url":"https:\/\/www.trakai-visit.lt\/wp-content\/uploads\/2021\/04\/freskos-672x1024.jpg","contentUrl":"https:\/\/www.trakai-visit.lt\/wp-content\/uploads\/2021\/04\/freskos-672x1024.jpg"},{"@type":"BreadcrumbList","@id":"https:\/\/www.trakai-visit.lt\/pl\/freski-a-w-zamku-w-trokach\/#breadcrumb","itemListElement":[{"@type":"ListItem","position":1,"name":"Home","item":"https:\/\/www.trakai-visit.lt\/pl\/"},{"@type":"ListItem","position":2,"name":"Freski zamku w Trokach"}]},{"@type":"WebSite","@id":"https:\/\/www.trakai-visit.lt\/pl\/#website","url":"https:\/\/www.trakai-visit.lt\/pl\/","name":"Trakai","description":"Trak\u0173 turizmo informacijos centras","publisher":{"@id":"https:\/\/www.trakai-visit.lt\/pl\/#organization"},"potentialAction":[{"@type":"SearchAction","target":{"@type":"EntryPoint","urlTemplate":"https:\/\/www.trakai-visit.lt\/pl\/?s={search_term_string}"},"query-input":{"@type":"PropertyValueSpecification","valueRequired":true,"valueName":"search_term_string"}}],"inLanguage":"pl-PL"},{"@type":"Organization","@id":"https:\/\/www.trakai-visit.lt\/pl\/#organization","name":"Trak\u0173 Turizmo Informacijos Centras","url":"https:\/\/www.trakai-visit.lt\/pl\/","logo":{"@type":"ImageObject","inLanguage":"pl-PL","@id":"https:\/\/www.trakai-visit.lt\/pl\/#\/schema\/logo\/image\/","url":"https:\/\/www.trakai-visit.lt\/wp-content\/uploads\/2018\/02\/logo-2.png","contentUrl":"https:\/\/www.trakai-visit.lt\/wp-content\/uploads\/2018\/02\/logo-2.png","width":194,"height":276,"caption":"Trak\u0173 Turizmo Informacijos Centras"},"image":{"@id":"https:\/\/www.trakai-visit.lt\/pl\/#\/schema\/logo\/image\/"},"sameAs":["https:\/\/www.facebook.com\/Trak\u0173-turizmo-informacijos-centras-164768010681450"]},{"@type":"Person","@id":"https:\/\/www.trakai-visit.lt\/pl\/#\/schema\/person\/31f5f8417f95aea577ab4638cf5ffb32","name":"Trakai TVIC\/Tourism and Business Information","url":"https:\/\/www.trakai-visit.lt\/pl\/author\/trakaitic\/"}]}},"_links":{"self":[{"href":"https:\/\/www.trakai-visit.lt\/pl\/wp-json\/wp\/v2\/posts\/38799","targetHints":{"allow":["GET"]}}],"collection":[{"href":"https:\/\/www.trakai-visit.lt\/pl\/wp-json\/wp\/v2\/posts"}],"about":[{"href":"https:\/\/www.trakai-visit.lt\/pl\/wp-json\/wp\/v2\/types\/post"}],"author":[{"embeddable":true,"href":"https:\/\/www.trakai-visit.lt\/pl\/wp-json\/wp\/v2\/users\/3"}],"replies":[{"embeddable":true,"href":"https:\/\/www.trakai-visit.lt\/pl\/wp-json\/wp\/v2\/comments?post=38799"}],"version-history":[{"count":0,"href":"https:\/\/www.trakai-visit.lt\/pl\/wp-json\/wp\/v2\/posts\/38799\/revisions"}],"wp:attachment":[{"href":"https:\/\/www.trakai-visit.lt\/pl\/wp-json\/wp\/v2\/media?parent=38799"}],"wp:term":[{"taxonomy":"category","embeddable":true,"href":"https:\/\/www.trakai-visit.lt\/pl\/wp-json\/wp\/v2\/categories?post=38799"},{"taxonomy":"post_tag","embeddable":true,"href":"https:\/\/www.trakai-visit.lt\/pl\/wp-json\/wp\/v2\/tags?post=38799"},{"taxonomy":"zemelapio-ikona","embeddable":true,"href":"https:\/\/www.trakai-visit.lt\/pl\/wp-json\/wp\/v2\/zemelapio-ikona?post=38799"}],"curies":[{"name":"wp","href":"https:\/\/api.w.org\/{rel}","templated":true}]}}